{"id":761,"date":"2011-09-13T16:22:24","date_gmt":"2011-09-13T14:22:24","guid":{"rendered":"https:\/\/develi.ch\/wordpress\/?p=761"},"modified":"2011-09-13T16:22:24","modified_gmt":"2011-09-13T14:22:24","slug":"die-erkenntnis-vom-heutigen-tag","status":"publish","type":"post","link":"https:\/\/develi.ch\/?p=761","title":{"rendered":"Die Erkenntnis vom heutigen Tag"},"content":{"rendered":"<p>Meine heutige Erkenntnis vom Tag:<\/p>\n<p><strong>&#8211; Wenn agressive Telefonverk\u00e4ufer (Sponsoring, Spenden, etc) Hasstiraden anstimmen, weil man als Firma kein Interesse an einer finanziellen Unterst\u00fctzung hat, resp halt schon anderes unterst\u00fctzt, sollte man gar nicht erst versuchen zu diskutieren, sondern von Anfang an das Telefon auflegen.<\/strong><\/p>\n<p>Vielen Dank an meine Chefin, f\u00fcr den \u00fcberaus hilfreichen Tipp. Ich h\u00e4t mir wohl den \u00fcbelsten, unberechtigsten\u00a0ZS meines Lebens abgeholt.<\/p>\n<p><a href=\"https:\/\/develi.ch\/wordpress\/?attachment_id=762\" rel=\"attachment wp-att-762\"><img loading=\"lazy\" decoding=\"async\" class=\"aligncenter size-full wp-image-762\" title=\"zensurist2\" src=\"https:\/\/develi.ch\/wordpress\/wp-content\/uploads\/2011\/09\/zensurist2.jpg\" alt=\"\" width=\"1280\" height=\"962\" \/><\/a><\/p>\n","protected":false},"excerpt":{"rendered":"<p>Meine heutige Erkenntnis vom Tag: &#8211; Wenn agressive Telefonverk\u00e4ufer (Sponsoring, Spenden, etc) Hasstiraden anstimmen, weil man als Firma kein Interesse an einer finanziellen Unterst\u00fctzung hat, resp halt schon anderes unterst\u00fctzt, sollte man gar nicht erst versuchen zu diskutieren, sondern von Anfang an das Telefon auflegen. Vielen Dank an meine Chefin, f\u00fcr den \u00fcberaus hilfreichen Tipp. &#8230; <a title=\"Die Erkenntnis vom heutigen Tag\" class=\"read-more\" href=\"https:\/\/develi.ch\/?p=761\">Read more<span class=\"screen-reader-text\">Die Erkenntnis vom heutigen Tag<\/span><\/a><\/p>\n","protected":false},"author":1,"featured_media":0,"comment_status":"open","ping_status":"closed","sticky":false,"template":"","format":"standard","meta":{"jetpack_post_was_ever_published":false,"_jetpack_newsletter_access":"","_jetpack_dont_email_post_to_subs":false,"_jetpack_newsletter_tier_id":0,"_jetpack_memberships_contains_paywalled_content":false,"_jetpack_memberships_contains_paid_content":false,"footnotes":"","jetpack_publicize_message":"","jetpack_publicize_feature_enabled":true,"jetpack_social_post_already_shared":false,"jetpack_social_options":{"image_generator_settings":{"template":"highway","default_image_id":0,"font":"","enabled":false},"version":2}},"categories":[1019],"tags":[26,49,588,589],"class_list":["post-761","post","type-post","status-publish","format-standard","hentry","category-ivis-world","tag-agressiv","tag-assi","tag-telefon","tag-telefonverkaufer"],"jetpack_publicize_connections":[],"jetpack_featured_media_url":"","jetpack_sharing_enabled":true,"jetpack_shortlink":"https:\/\/wp.me\/p674Fw-ch","jetpack_likes_enabled":true,"jetpack-related-posts":[{"id":1662,"url":"https:\/\/develi.ch\/?p=1662","url_meta":{"origin":761,"position":0},"title":"Essen im Nooch","author":"ivi","date":"23. November 2012","format":false,"excerpt":"\u00d6fters mal habe ich Pech, wenn ich im Noch essen gehe. Manchmal ist das Essen viel zu scharf, manchmal bekomme ich nur die H\u00e4lfte vom Bestellten Mix Teller und ab und an, wollen die mich dort gar nicht verstehen. Ich schiebe das dann und wann auf meinen sch\u00f6nen Bernerdialekt, denn\u2026","rel":"","context":"In &quot;ivis world&quot;","block_context":{"text":"ivis world","link":"https:\/\/develi.ch\/?cat=1019"},"img":{"alt_text":"","src":"","width":0,"height":0},"classes":[]},{"id":6312,"url":"https:\/\/develi.ch\/?p=6312","url_meta":{"origin":761,"position":1},"title":"Greenfield 2018 &#8211; Der Bericht","author":"ivi","date":"21. Juni 2018","format":false,"excerpt":"Da ist es wieder. Dieses eine Wochenende im Jahr, an dem ich ins Berner Oberland fahre, Freunde treffe und \u00abFamilienfrei\u00bb habe. Ja genau, es ist Greenfield Zeit. Dank weiser Voraussicht haben wir letztes Jahr bei einer Wildcard Aktion direkt nach dem Festival 2017 zugeschlagen und konnten so einen 3-Tages-Pass f\u00fcr\u2026","rel":"","context":"In &quot;Sound \/ Dance \/ Party&quot;","block_context":{"text":"Sound \/ Dance \/ Party","link":"https:\/\/develi.ch\/?cat=11"},"img":{"alt_text":"","src":"https:\/\/i0.wp.com\/develi.ch\/wp-content\/uploads\/2018\/07\/DSC_0423-150x150.jpg?resize=350%2C200&ssl=1","width":350,"height":200,"srcset":"https:\/\/i0.wp.com\/develi.ch\/wp-content\/uploads\/2018\/07\/DSC_0423-150x150.jpg?resize=350%2C200&ssl=1 1x, https:\/\/i0.wp.com\/develi.ch\/wp-content\/uploads\/2018\/07\/DSC_0423-150x150.jpg?resize=525%2C300&ssl=1 1.5x, https:\/\/i0.wp.com\/develi.ch\/wp-content\/uploads\/2018\/07\/DSC_0423-150x150.jpg?resize=700%2C400&ssl=1 2x"},"classes":[]},{"id":522,"url":"https:\/\/develi.ch\/?p=522","url_meta":{"origin":761,"position":2},"title":"Mobilezone ist doff!","author":"ivi","date":"12. August 2011","format":false,"excerpt":"Meine Erkenntnis vom Tag. Keine nette Aussage, ich weis.. Aber wenn man innerhalb von zwei Tagen in zwei unterschiedlichen MZ-Shops war und man in beiden nicht richtig Bedient wurde, resp man am dritten Tag selber das Problem l\u00f6st, dann kommt man zu der Meinung oben. Wieso? Nun, wie ich im\u2026","rel":"","context":"In &quot;ivis world&quot;","block_context":{"text":"ivis world","link":"https:\/\/develi.ch\/?cat=1019"},"img":{"alt_text":"","src":"https:\/\/i0.wp.com\/develi.ch\/wordpress\/wp-content\/uploads\/2011\/08\/gprs.jpg?resize=350%2C200&ssl=1","width":350,"height":200,"srcset":"https:\/\/i0.wp.com\/develi.ch\/wordpress\/wp-content\/uploads\/2011\/08\/gprs.jpg?resize=350%2C200&ssl=1 1x, https:\/\/i0.wp.com\/develi.ch\/wordpress\/wp-content\/uploads\/2011\/08\/gprs.jpg?resize=525%2C300&ssl=1 1.5x, https:\/\/i0.wp.com\/develi.ch\/wordpress\/wp-content\/uploads\/2011\/08\/gprs.jpg?resize=700%2C400&ssl=1 2x"},"classes":[]},{"id":1384,"url":"https:\/\/develi.ch\/?p=1384","url_meta":{"origin":761,"position":3},"title":"Greenfield &#8211; Der R\u00fcckblick","author":"ivi","date":"29. Juni 2012","format":false,"excerpt":"Donnerstag Abend... Ich schreib noch ne Anatomie Pr\u00fcfung, obwohl meine Gedanken seit ner Woche eh schon nur noch im Berner Oberland verweilen. Egal, hab ich halt nicht wirklich viel gelernt. =) Im Fahrstuhl fragen mich zwei nette Herren, wieso ich den so L\u00e4chelnd in die Schule gehe, so strahlend sehe\u2026","rel":"","context":"In &quot;Sound \/ Dance \/ Party&quot;","block_context":{"text":"Sound \/ Dance \/ Party","link":"https:\/\/develi.ch\/?cat=11"},"img":{"alt_text":"","src":"https:\/\/i0.wp.com\/develi.ch\/wp-content\/uploads\/2015\/07\/wpid-img-20140228-wa0003-e1436899272977-150x150.jpg?resize=350%2C200&ssl=1","width":350,"height":200,"srcset":"https:\/\/i0.wp.com\/develi.ch\/wp-content\/uploads\/2015\/07\/wpid-img-20140228-wa0003-e1436899272977-150x150.jpg?resize=350%2C200&ssl=1 1x, https:\/\/i0.wp.com\/develi.ch\/wp-content\/uploads\/2015\/07\/wpid-img-20140228-wa0003-e1436899272977-150x150.jpg?resize=525%2C300&ssl=1 1.5x, https:\/\/i0.wp.com\/develi.ch\/wp-content\/uploads\/2015\/07\/wpid-img-20140228-wa0003-e1436899272977-150x150.jpg?resize=700%2C400&ssl=1 2x"},"classes":[]},{"id":4193,"url":"https:\/\/develi.ch\/?p=4193","url_meta":{"origin":761,"position":4},"title":"Greenfield 2015 &#8211; Langweilige Bands, aber tolles Partyvolk!","author":"ivi","date":"15. Juni 2015","format":false,"excerpt":"Wie jedes Jahr zieht es mich nach Interlaken. In diesem Jahr nicht so sehr wegen den Bands, weil ich irgendwie nur ein paar vom Namen her kenne. Aber ans Greenfield geht man ja nicht nur wegen den Bands, sondern wegen dem Feeling und den tollen Leuten! Und herzlichen Dank\u00a0 f\u00fcr\u2026","rel":"","context":"In &quot;Sound \/ Dance \/ Party&quot;","block_context":{"text":"Sound \/ Dance \/ Party","link":"https:\/\/develi.ch\/?cat=11"},"img":{"alt_text":"","src":"https:\/\/i0.wp.com\/develi.ch\/wp-content\/uploads\/2015\/06\/wpid-dsc_2251-150x150.jpg?resize=350%2C200&ssl=1","width":350,"height":200,"srcset":"https:\/\/i0.wp.com\/develi.ch\/wp-content\/uploads\/2015\/06\/wpid-dsc_2251-150x150.jpg?resize=350%2C200&ssl=1 1x, https:\/\/i0.wp.com\/develi.ch\/wp-content\/uploads\/2015\/06\/wpid-dsc_2251-150x150.jpg?resize=525%2C300&ssl=1 1.5x, https:\/\/i0.wp.com\/develi.ch\/wp-content\/uploads\/2015\/06\/wpid-dsc_2251-150x150.jpg?resize=700%2C400&ssl=1 2x"},"classes":[]},{"id":5688,"url":"https:\/\/develi.ch\/?p=5688","url_meta":{"origin":761,"position":5},"title":"Greenfield 2017 &#8211; Bericht","author":"ivi","date":"25. Juni 2017","format":false,"excerpt":"Schon das Erhalten der Tickets war in diesem Jahr ein Abenteuer f\u00fcr sich, hat doch jemand unsere Freikarten verschenkt. Da gabs doch den einen oder anderen Augenblick, kurz vor dem Festival, als es mal kurz eng wurde =) Aber unser Lieblingsgummihals, der Peer, hat alles geregelt und unser Greenfield Budget\u2026","rel":"","context":"In &quot;In der K\u00fcche&quot;","block_context":{"text":"In der K\u00fcche","link":"https:\/\/develi.ch\/?cat=8"},"img":{"alt_text":"","src":"https:\/\/i0.wp.com\/develi.ch\/wp-content\/uploads\/2017\/06\/IMG-20170613-WA0002-150x150.jpg?resize=350%2C200&ssl=1","width":350,"height":200,"srcset":"https:\/\/i0.wp.com\/develi.ch\/wp-content\/uploads\/2017\/06\/IMG-20170613-WA0002-150x150.jpg?resize=350%2C200&ssl=1 1x, https:\/\/i0.wp.com\/develi.ch\/wp-content\/uploads\/2017\/06\/IMG-20170613-WA0002-150x150.jpg?resize=525%2C300&ssl=1 1.5x"},"classes":[]}],"_links":{"self":[{"href":"https:\/\/develi.ch\/index.php?rest_route=\/wp\/v2\/posts\/761","targetHints":{"allow":["GET"]}}],"collection":[{"href":"https:\/\/develi.ch\/index.php?rest_route=\/wp\/v2\/posts"}],"about":[{"href":"https:\/\/develi.ch\/index.php?rest_route=\/wp\/v2\/types\/post"}],"author":[{"embeddable":true,"href":"https:\/\/develi.ch\/index.php?rest_route=\/wp\/v2\/users\/1"}],"replies":[{"embeddable":true,"href":"https:\/\/develi.ch\/index.php?rest_route=%2Fwp%2Fv2%2Fcomments&post=761"}],"version-history":[{"count":0,"href":"https:\/\/develi.ch\/index.php?rest_route=\/wp\/v2\/posts\/761\/revisions"}],"wp:attachment":[{"href":"https:\/\/develi.ch\/index.php?rest_route=%2Fwp%2Fv2%2Fmedia&parent=761"}],"wp:term":[{"taxonomy":"category","embeddable":true,"href":"https:\/\/develi.ch\/index.php?rest_route=%2Fwp%2Fv2%2Fcategories&post=761"},{"taxonomy":"post_tag","embeddable":true,"href":"https:\/\/develi.ch\/index.php?rest_route=%2Fwp%2Fv2%2Ftags&post=761"}],"curies":[{"name":"wp","href":"https:\/\/api.w.org\/{rel}","templated":true}]}}