{"id":67,"date":"2009-02-04T23:33:38","date_gmt":"2009-02-04T22:33:38","guid":{"rendered":"https:\/\/develi.ch\/wordpress\/?p=67"},"modified":"2009-02-04T23:33:38","modified_gmt":"2009-02-04T22:33:38","slug":"ohne-worte","status":"publish","type":"post","link":"https:\/\/develi.ch\/?p=67","title":{"rendered":"&#8230;.Ohne Worte&#8230;."},"content":{"rendered":"<p style=\"text-align: center;\">&#8222;Wo Worte fehlen, bleibt nur die Stille, um zu sagen, dass die Trauer vorhanden ist&#8220;<\/p>\n<p><img loading=\"lazy\" decoding=\"async\" class=\"aligncenter size-full wp-image-1895\" alt=\"chris\" src=\"https:\/\/develi.ch\/wordpress\/wp-content\/uploads\/2009\/02\/chris.jpg\" width=\"450\" height=\"600\" \/><\/p>\n","protected":false},"excerpt":{"rendered":"<p>&#8222;Wo Worte fehlen, bleibt nur die Stille, um zu sagen, dass die Trauer vorhanden ist&#8220;<\/p>\n","protected":false},"author":1,"featured_media":0,"comment_status":"open","ping_status":"closed","sticky":false,"template":"","format":"standard","meta":{"jetpack_post_was_ever_published":false,"_jetpack_newsletter_access":"","_jetpack_dont_email_post_to_subs":false,"_jetpack_newsletter_tier_id":0,"_jetpack_memberships_contains_paywalled_content":false,"_jetpack_memberships_contains_paid_content":false,"footnotes":"","jetpack_publicize_message":"","jetpack_publicize_feature_enabled":true,"jetpack_social_post_already_shared":false,"jetpack_social_options":{"image_generator_settings":{"template":"highway","default_image_id":0,"font":"","enabled":false},"version":2}},"categories":[13],"tags":[],"class_list":["post-67","post","type-post","status-publish","format-standard","hentry","category-words"],"jetpack_publicize_connections":[],"jetpack_featured_media_url":"","jetpack_sharing_enabled":true,"jetpack_shortlink":"https:\/\/wp.me\/p674Fw-15","jetpack_likes_enabled":true,"jetpack-related-posts":[{"id":683,"url":"https:\/\/develi.ch\/?p=683","url_meta":{"origin":67,"position":0},"title":"Schweizer Kinder m\u00fcssen T\u00fcrkisch lernen","author":"ivi","date":"5. September 2011","format":false,"excerpt":"Als ich am Samstag den Denkanstoss-Artikel \"Schweizer Kinder m\u00fcssen T\u00fcrkisch lernen\" gelesen habe, musste ich doch ein paar Mal schwer schlucken. Ich verstehe nicht wirklich, wieso unsere Kinder eine weitere Fremdsprache (nebst Franz\u00f6sisch, Englisch und ev Italienisch)\u00a0im eigenen Land lernen sollten, um sich in der Klasse integrieren zu k\u00f6nnen. Weil\u2026","rel":"","context":"In &quot;ivis world&quot;","block_context":{"text":"ivis world","link":"https:\/\/develi.ch\/?cat=1019"},"img":{"alt_text":"","src":"https:\/\/i0.wp.com\/develi.ch\/wordpress\/wp-content\/uploads\/2011\/09\/unbenannt.jpg?resize=350%2C200&ssl=1","width":350,"height":200},"classes":[]},{"id":4503,"url":"https:\/\/develi.ch\/?p=4503","url_meta":{"origin":67,"position":1},"title":"Hallo Krebs","author":"ivi","date":"30. November 2015","format":false,"excerpt":"\u00a0Wir kennen uns schon einige Jahre. Daher glaube ich, ist es ok wenn ich mal mit dir Klartext rede: Du bist ein Arschloch! Sorry, wenn das etwas direkt ist, aber manche Dinge kann man einfach nicht sch\u00f6n reden. Ich konnte dich noch nie leiden und der Sinn deiner Existenz ist\u2026","rel":"","context":"In &quot;Worte&quot;","block_context":{"text":"Worte","link":"https:\/\/develi.ch\/?cat=13"},"img":{"alt_text":"","src":"https:\/\/i0.wp.com\/develi.ch\/wp-content\/uploads\/2015\/12\/wpid-dsc_2536.jpg?resize=350%2C200&ssl=1","width":350,"height":200,"srcset":"https:\/\/i0.wp.com\/develi.ch\/wp-content\/uploads\/2015\/12\/wpid-dsc_2536.jpg?resize=350%2C200&ssl=1 1x, https:\/\/i0.wp.com\/develi.ch\/wp-content\/uploads\/2015\/12\/wpid-dsc_2536.jpg?resize=525%2C300&ssl=1 1.5x, https:\/\/i0.wp.com\/develi.ch\/wp-content\/uploads\/2015\/12\/wpid-dsc_2536.jpg?resize=700%2C400&ssl=1 2x"},"classes":[]},{"id":110,"url":"https:\/\/develi.ch\/?p=110","url_meta":{"origin":67,"position":2},"title":"Eisw\u00fcste","author":"ivi","date":"3. Januar 2007","format":false,"excerpt":"Ich frage mich aus welchem Sinn? Gar keinem? Du weisst, dass ich dir \u00fcberallhin folgen w\u00fcrde, singst dein Lied, schickst deine Diener und l\u00e4sst mich in einer W\u00fcste auf Eis stehen... Was bringt es dir? Nichts, oder sehe ich den Sinn einfach nicht? Gef\u00e4llt es dir, mich in diese Eisesk\u00e4lte\u2026","rel":"","context":"In &quot;Worte&quot;","block_context":{"text":"Worte","link":"https:\/\/develi.ch\/?cat=13"},"img":{"alt_text":"","src":"","width":0,"height":0},"classes":[]},{"id":53,"url":"https:\/\/develi.ch\/?p=53","url_meta":{"origin":67,"position":3},"title":"I d\u00e4nke adi&#8230;","author":"ivi","date":"5. Mai 2009","format":false,"excerpt":"heute ist einer dieser Tage an dem du einfach nicht mehr da bist.. kein spontanes telefonat, keine stundenlangen quassel geschichten per msn, einfach ein stilles, grosses gar-nichts.. es schmerz immer noch, zu bemerken, das die realit\u00e4t tats\u00e4chlich real ist. der schmerz l\u00e4sst nicht nach, er ist nur nicht mehr all\u2026","rel":"","context":"In &quot;Worte&quot;","block_context":{"text":"Worte","link":"https:\/\/develi.ch\/?cat=13"},"img":{"alt_text":"","src":"","width":0,"height":0},"classes":[]},{"id":55,"url":"https:\/\/develi.ch\/?p=55","url_meta":{"origin":67,"position":4},"title":"&#8222;Nobody said it was easy&#8220; oder &#8222;Wir haben gek\u00e4mpft bis zum Schluss&#8220;","author":"ivi","date":"20. Februar 2009","format":false,"excerpt":"Es sind \u00fcber zwei Wochen vergangen, seit ich nun weis, dass es dir besser geht. Zwei Wochen voller Tr\u00e4nen, Erinnerungs-Attacken und Freuden, im Gedanken nahe bei dir... Wir wissen alle, dass es dir besser geht wo du bist.. Uns ist auch klar, dass du dort deine Feste weiter feiern und\u2026","rel":"","context":"In &quot;Worte&quot;","block_context":{"text":"Worte","link":"https:\/\/develi.ch\/?cat=13"},"img":{"alt_text":"bigimg_Nightmare Outdoor 111","src":"https:\/\/i0.wp.com\/develi.ch\/wp-content\/uploads\/2014\/06\/bigimg_Nightmare-Outdoor-111-300x225.jpg?resize=350%2C200&ssl=1","width":350,"height":200},"classes":[]},{"id":4471,"url":"https:\/\/develi.ch\/?p=4471","url_meta":{"origin":67,"position":5},"title":"Weil ich dich liebe&#8230;","author":"ivi","date":"21. Oktober 2015","format":false,"excerpt":"Es ist einer dieser Tage\/Wochen in der mein Herz kurz vor dem Platzen steht. Die Welt steht Kopf, irgendwo ist immer was falsch. Und w\u00e4hrend das Leben anderer irgendwie aus dem Ruder l\u00e4uft, da l\u00e4uft mein Herz \u00fcber vor Gl\u00fcck. Das Gl\u00fcck dich gefunden zu haben. Dich an meiner Seite\u2026","rel":"","context":"In &quot;ivis world&quot;","block_context":{"text":"ivis world","link":"https:\/\/develi.ch\/?cat=1019"},"img":{"alt_text":"<3 <3 <3","src":"https:\/\/i0.wp.com\/develi.ch\/wp-content\/uploads\/2015\/10\/wpid-wp-1445419585713-1024x576.jpg?resize=350%2C200&ssl=1","width":350,"height":200},"classes":[]}],"_links":{"self":[{"href":"https:\/\/develi.ch\/index.php?rest_route=\/wp\/v2\/posts\/67","targetHints":{"allow":["GET"]}}],"collection":[{"href":"https:\/\/develi.ch\/index.php?rest_route=\/wp\/v2\/posts"}],"about":[{"href":"https:\/\/develi.ch\/index.php?rest_route=\/wp\/v2\/types\/post"}],"author":[{"embeddable":true,"href":"https:\/\/develi.ch\/index.php?rest_route=\/wp\/v2\/users\/1"}],"replies":[{"embeddable":true,"href":"https:\/\/develi.ch\/index.php?rest_route=%2Fwp%2Fv2%2Fcomments&post=67"}],"version-history":[{"count":0,"href":"https:\/\/develi.ch\/index.php?rest_route=\/wp\/v2\/posts\/67\/revisions"}],"wp:attachment":[{"href":"https:\/\/develi.ch\/index.php?rest_route=%2Fwp%2Fv2%2Fmedia&parent=67"}],"wp:term":[{"taxonomy":"category","embeddable":true,"href":"https:\/\/develi.ch\/index.php?rest_route=%2Fwp%2Fv2%2Fcategories&post=67"},{"taxonomy":"post_tag","embeddable":true,"href":"https:\/\/develi.ch\/index.php?rest_route=%2Fwp%2Fv2%2Ftags&post=67"}],"curies":[{"name":"wp","href":"https:\/\/api.w.org\/{rel}","templated":true}]}}