{"id":57,"date":"2009-02-03T10:12:51","date_gmt":"2009-02-03T09:12:51","guid":{"rendered":"https:\/\/develi.ch\/wordpress\/?p=57"},"modified":"2009-02-03T10:12:51","modified_gmt":"2009-02-03T09:12:51","slug":"abschied-eines-freundes-3-februar-2009","status":"publish","type":"post","link":"https:\/\/develi.ch\/?p=57","title":{"rendered":"Abschied eines Freundes"},"content":{"rendered":"<blockquote><p>&#8222;Pain is rising, deep inside<br \/>\nI&#8217;ve been dying, I&#8217;ve been trying<br \/>\nCall my name in lonely nights<br \/>\nAnd where the love goes is where the wind blows&#8220;<\/p><\/blockquote>\n<p>Magschdi erinere, wi dumer dr Schm\u00e4rz gno hesch?<br \/>\nW\u00e4r nimt de d\u00e4 Schm\u00e4rz wo uftritt w\u00f6u du geisch?<\/p>\n<blockquote><p>&#8222;I can remember all the things that you said<br \/>\nWill I remember can I remember<br \/>\nI see emotion in your eyes<br \/>\nWill I remember can I remember&#8220;<\/p><\/blockquote>\n<p>I wirdedi sicher nie vrg\u00e4sse&#8230; du bisch u blibsch einzigartig..<\/p>\n<blockquote><p>&#8222;If I was just a sailor could I sail without a boat<br \/>\nIf I ever had a harbour I would never loose my hope<br \/>\nYou turn my inspiration, you turn the world with me<br \/>\nIf I ever had a harbour I would be the deepest sea<br \/>\nIf I was just a sailor could I sail without a boat<br \/>\nIf I ever had a harbour I would never loose my hope<br \/>\nYou turn my inspiration, you turn the world with me<br \/>\nIf I ever had a harbour I would be the deepest sea&#8220;<\/p><\/blockquote>\n<p>I would never loose my hope.. Mier hei bis ds letscht ghoffet&#8230;<br \/>\nDu hesch so viel vr\u00e4nderet uf dere w\u00e4lt&#8230; du bisch ds pure l\u00e4be gsi&#8230;<\/p>\n<blockquote><p>&#8222;Pain is rising, so deep inside<br \/>\n&#8218;Cause I&#8217;ve been dying, so deep inside&#8220;<\/p><\/blockquote>\n<p>dr schm\u00e4rz wird vrga&#8230; d erinerige w\u00e4rde blibe.. u doch isch zurzyt dr schm\u00e4rz so real u t\u00f6if wi n\u00fct&#8230;<\/p>\n<blockquote><p>&#8222;Loneliness is killing me<br \/>\nI&#8217;ve been dying, I&#8217;ve been trying<br \/>\nLive your life and let mine be<br \/>\nCause where the love goes is where the wind blows&#8220;<\/p><\/blockquote>\n<p>i weis, i bi ni elei&#8230;<br \/>\ni weis, das du dis l\u00e4be gl\u00e4bt hesch u ig mis wirde l\u00e4be..<br \/>\ndoch werum hesch itze scho dert h\u00e4re m\u00fcesse wo dr wind h\u00e4re w\u00e4it?<\/p>\n<p>I vrmissedi itze scho&#8230;<\/p>\n<p>RiP bis zur Ewigkeit&#8230;<br \/>\nmier w\u00e4rdenis wider gseh&#8230;<\/p>\n<p>******************************************************************************<br \/>\n******************************************************************************<\/p>\n<p>In Memory of Chris Maccanti (13. Jan 1986 &#8211; 02. Feb 2009)<\/p>\n<p><img loading=\"lazy\" decoding=\"async\" class=\"aligncenter size-full wp-image-1897\" alt=\"nightmare outdoor im flugi\" src=\"https:\/\/develi.ch\/wordpress\/wp-content\/uploads\/2009\/02\/chris2.jpg\" width=\"800\" height=\"600\" \/><\/p>\n","protected":false},"excerpt":{"rendered":"<p>&#8222;Pain is rising, deep inside I&#8217;ve been dying, I&#8217;ve been trying Call my name in lonely nights And where the love goes is where the wind blows&#8220; Magschdi erinere, wi dumer dr Schm\u00e4rz gno hesch? W\u00e4r nimt de d\u00e4 Schm\u00e4rz wo uftritt w\u00f6u du geisch? &#8222;I can remember all the things that you said Will &#8230; <a title=\"Abschied eines Freundes\" class=\"read-more\" href=\"https:\/\/develi.ch\/?p=57\">Read more<span class=\"screen-reader-text\">Abschied eines Freundes<\/span><\/a><\/p>\n","protected":false},"author":1,"featured_media":0,"comment_status":"open","ping_status":"closed","sticky":false,"template":"","format":"standard","meta":{"jetpack_post_was_ever_published":false,"_jetpack_newsletter_access":"","_jetpack_dont_email_post_to_subs":false,"_jetpack_newsletter_tier_id":0,"_jetpack_memberships_contains_paywalled_content":false,"_jetpack_memberships_contains_paid_content":false,"footnotes":"","jetpack_publicize_message":"","jetpack_publicize_feature_enabled":true,"jetpack_social_post_already_shared":false,"jetpack_social_options":{"image_generator_settings":{"template":"highway","default_image_id":0,"font":"","enabled":false},"version":2}},"categories":[13],"tags":[],"class_list":["post-57","post","type-post","status-publish","format-standard","hentry","category-words"],"jetpack_publicize_connections":[],"jetpack_featured_media_url":"","jetpack_sharing_enabled":true,"jetpack_shortlink":"https:\/\/wp.me\/p674Fw-V","jetpack_likes_enabled":true,"jetpack-related-posts":[{"id":55,"url":"https:\/\/develi.ch\/?p=55","url_meta":{"origin":57,"position":0},"title":"&#8222;Nobody said it was easy&#8220; oder &#8222;Wir haben gek\u00e4mpft bis zum Schluss&#8220;","author":"ivi","date":"20. Februar 2009","format":false,"excerpt":"Es sind \u00fcber zwei Wochen vergangen, seit ich nun weis, dass es dir besser geht. Zwei Wochen voller Tr\u00e4nen, Erinnerungs-Attacken und Freuden, im Gedanken nahe bei dir... Wir wissen alle, dass es dir besser geht wo du bist.. Uns ist auch klar, dass du dort deine Feste weiter feiern und\u2026","rel":"","context":"In &quot;Worte&quot;","block_context":{"text":"Worte","link":"https:\/\/develi.ch\/?cat=13"},"img":{"alt_text":"bigimg_Nightmare Outdoor 111","src":"https:\/\/i0.wp.com\/develi.ch\/wp-content\/uploads\/2014\/06\/bigimg_Nightmare-Outdoor-111-300x225.jpg?resize=350%2C200&ssl=1","width":350,"height":200},"classes":[]},{"id":6369,"url":"https:\/\/develi.ch\/?p=6369","url_meta":{"origin":57,"position":1},"title":"&#8222;Neuere&#8220; Sachen","author":"ivi","date":"6. Mai 2018","format":false,"excerpt":"\u201eWiso heter nid eifach eme Chrankewage gl\u00fcte?\u201c \u2026. \u201eU n\u00e4re? tuet ihm dr chrankewage d T\u00fcre uf?\u201c (Unterschied \u201eal\u00fcte\u201c und \u201el\u00fcte\u201c) Szene aus HdR: Einem Drachen wird der Kopf abgehackt. A.: \u201eUnd wegen dieser Szene hat das Bier nun seinen Name\u201c \u2013 E.: \u201eNazgul?\u201c \u2013 A.: \u201eNein, \u201eChopf ab\u201c!\u201c\u00a0(Der Nazgul\u2026","rel":"","context":"In &quot;Zitate&quot;","block_context":{"text":"Zitate","link":"https:\/\/develi.ch\/?cat=1176"},"img":{"alt_text":"","src":"","width":0,"height":0},"classes":[]},{"id":986,"url":"https:\/\/develi.ch\/?p=986","url_meta":{"origin":57,"position":2},"title":"Grendel (Band)","author":"ivi","date":"18. November 2011","format":false,"excerpt":"Wer von euch denkt bei dem Namen \"Grendel\" auch an eine Sagengestalt? Ich mal auf jedenfall ;) So konnte ich mir auch den Namen der Band merken, welche gestern Abend aus den Lautsprechern beim Raumschiff meines Holden heraustr\u00e4llerten. Ev f\u00fcr euch schon lange bekannt, uralter Bockmist. F\u00fcr mich neu und\u2026","rel":"","context":"In &quot;Sound \/ Dance \/ Party&quot;","block_context":{"text":"Sound \/ Dance \/ Party","link":"https:\/\/develi.ch\/?cat=11"},"img":{"alt_text":"","src":"","width":0,"height":0},"classes":[]},{"id":69,"url":"https:\/\/develi.ch\/?p=69","url_meta":{"origin":57,"position":3},"title":"&#8230;&#8230;For just one Day&#8230;&#8230;","author":"ivi","date":"5. Februar 2009","format":false,"excerpt":"For just one day, i will go back to the first day i met you.. For just one day, i will go back and see the time, we were young.. For just one day, I will go back and known, that you are not ill.. For just one day, I\u2026","rel":"","context":"In &quot;Worte&quot;","block_context":{"text":"Worte","link":"https:\/\/develi.ch\/?cat=13"},"img":{"alt_text":"","src":"","width":0,"height":0},"classes":[]},{"id":84,"url":"https:\/\/develi.ch\/?p=84","url_meta":{"origin":57,"position":4},"title":"&#8230;&#8230;For just one Day&#8230;&#8230;","author":"ivi","date":"30. August 2007","format":false,"excerpt":"For just one day, i will go back to the first day i met you.. For just one day, i will go back and see the time, we were young.. For just one day, I will go back and known, that you are not ill.. For just one day, I\u2026","rel":"","context":"In &quot;Worte&quot;","block_context":{"text":"Worte","link":"https:\/\/develi.ch\/?cat=13"},"img":{"alt_text":"","src":"","width":0,"height":0},"classes":[]},{"id":4471,"url":"https:\/\/develi.ch\/?p=4471","url_meta":{"origin":57,"position":5},"title":"Weil ich dich liebe&#8230;","author":"ivi","date":"21. Oktober 2015","format":false,"excerpt":"Es ist einer dieser Tage\/Wochen in der mein Herz kurz vor dem Platzen steht. Die Welt steht Kopf, irgendwo ist immer was falsch. Und w\u00e4hrend das Leben anderer irgendwie aus dem Ruder l\u00e4uft, da l\u00e4uft mein Herz \u00fcber vor Gl\u00fcck. Das Gl\u00fcck dich gefunden zu haben. Dich an meiner Seite\u2026","rel":"","context":"In &quot;ivis world&quot;","block_context":{"text":"ivis world","link":"https:\/\/develi.ch\/?cat=1019"},"img":{"alt_text":"<3 <3 <3","src":"https:\/\/i0.wp.com\/develi.ch\/wp-content\/uploads\/2015\/10\/wpid-wp-1445419585713-1024x576.jpg?resize=350%2C200&ssl=1","width":350,"height":200},"classes":[]}],"_links":{"self":[{"href":"https:\/\/develi.ch\/index.php?rest_route=\/wp\/v2\/posts\/57","targetHints":{"allow":["GET"]}}],"collection":[{"href":"https:\/\/develi.ch\/index.php?rest_route=\/wp\/v2\/posts"}],"about":[{"href":"https:\/\/develi.ch\/index.php?rest_route=\/wp\/v2\/types\/post"}],"author":[{"embeddable":true,"href":"https:\/\/develi.ch\/index.php?rest_route=\/wp\/v2\/users\/1"}],"replies":[{"embeddable":true,"href":"https:\/\/develi.ch\/index.php?rest_route=%2Fwp%2Fv2%2Fcomments&post=57"}],"version-history":[{"count":0,"href":"https:\/\/develi.ch\/index.php?rest_route=\/wp\/v2\/posts\/57\/revisions"}],"wp:attachment":[{"href":"https:\/\/develi.ch\/index.php?rest_route=%2Fwp%2Fv2%2Fmedia&parent=57"}],"wp:term":[{"taxonomy":"category","embeddable":true,"href":"https:\/\/develi.ch\/index.php?rest_route=%2Fwp%2Fv2%2Fcategories&post=57"},{"taxonomy":"post_tag","embeddable":true,"href":"https:\/\/develi.ch\/index.php?rest_route=%2Fwp%2Fv2%2Ftags&post=57"}],"curies":[{"name":"wp","href":"https:\/\/api.w.org\/{rel}","templated":true}]}}