{"id":5320,"date":"2017-04-23T01:00:33","date_gmt":"2017-04-22T23:00:33","guid":{"rendered":"https:\/\/develi.ch\/?p=5320"},"modified":"2020-01-30T12:43:31","modified_gmt":"2020-01-30T11:43:31","slug":"blogger-schenken-lesefreuden-welttag-des-buches","status":"publish","type":"post","link":"https:\/\/develi.ch\/?p=5320","title":{"rendered":"Blogger schenken Lesefreuden &#8211; Welttag des Buches"},"content":{"rendered":"<p>Zum Welttag des Buches nehme ich an der Aktion &#8222;Blogger schenken Lesefreude&#8220; teil. Daher mache ich einen Wettbewerb wie zum 300. Blogbeitrag =&gt;<a href=\"https:\/\/develi.ch\/2015\/07\/07\/wettbewerb-zum-300-blog-beitrag\/\"> Hier nachzulesen <\/a>&lt;= Diesesmal m\u00fcsst ihr aber nicht eine lange Geschichte schreiben \ud83d\ude09<\/p>\n<p>Ich verschenke folgende zwei B\u00fccher:<\/p>\n<p><a href=\"https:\/\/develi.ch\/wp-content\/uploads\/2017\/04\/DSC_3393.jpg\"><img loading=\"lazy\" decoding=\"async\" class=\"alignnone size-large wp-image-5331\" src=\"https:\/\/develi.ch\/wp-content\/uploads\/2017\/04\/DSC_3393-1024x576.jpg\" alt=\"\" width=\"474\" height=\"267\" srcset=\"https:\/\/develi.ch\/wp-content\/uploads\/2017\/04\/DSC_3393.jpg 1024w, https:\/\/develi.ch\/wp-content\/uploads\/2017\/04\/DSC_3393-300x169.jpg 300w, https:\/\/develi.ch\/wp-content\/uploads\/2017\/04\/DSC_3393-768x432.jpg 768w\" sizes=\"auto, (max-width: 474px) 100vw, 474px\" \/><\/a><\/p>\n<p><strong>Codex<\/strong> von Douglas Preston und <strong>Das Paket<\/strong> von Sebastian Fitzek.*<\/p>\n<p>Was ihr daf\u00fcr tun m\u00fcsst um eins der B\u00fccher zu bekommen?<\/p>\n<p>Ganz einfach: Schreibt mir ein kleines Gedicht, in welchem das Wort &#8222;Buch&#8220; vorkommen muss und nat\u00fcrlich auch, welches der beiden B\u00fccher ihr haben m\u00f6chtet.<\/p>\n<p>Nach Ablauf des Wettbewerbs, werde ich die Gedichte gesammelt ver\u00f6ffentlichen.<\/p>\n<p>Bitte sendet mir eure Werke bis zum 30.04.2017 um 23:59 an wettbewerbATdeveli.ch, Stichwort &#8222;Welttag des Buches&#8220;. Wenn ihr der Vorgabe entsprecht, wird das Los den Gewinner bestimmen.<\/p>\n<p>Ich freu mich darauf, eure Ideen zu lesen!<\/p>\n<p><span style=\"color: #999999;\">* Die B\u00fccher sind schon mal gelesen worden, der Codex aus zweiter Hand, das Paket wurde nur von mir gelesen. Versand erfolgt in der Schweiz. Der Gewinner wird per Email informiert, damit die Adresse angegeben werden kann. Die Teilnahme verpflichtet zu gar nichts, kein Newsletter, Mailing und sonstigem Spam Zeugs. Its just for Fun!<br \/>\n<\/span><\/p>\n","protected":false},"excerpt":{"rendered":"<p>Zum Welttag des Buches nehme ich an der Aktion &#8222;Blogger schenken Lesefreude&#8220; teil. Daher mache ich einen Wettbewerb wie zum 300. Blogbeitrag =&gt; Hier nachzulesen &lt;= Diesesmal m\u00fcsst ihr aber nicht eine lange Geschichte schreiben \ud83d\ude09 Ich verschenke folgende zwei B\u00fccher: Codex von Douglas Preston und Das Paket von Sebastian Fitzek.* Was ihr daf\u00fcr tun &#8230; <a title=\"Blogger schenken Lesefreuden &#8211; Welttag des Buches\" class=\"read-more\" href=\"https:\/\/develi.ch\/?p=5320\">Read more<span class=\"screen-reader-text\">Blogger schenken Lesefreuden &#8211; Welttag des Buches<\/span><\/a><\/p>\n","protected":false},"author":1,"featured_media":0,"comment_status":"open","ping_status":"closed","sticky":false,"template":"","format":"standard","meta":{"jetpack_post_was_ever_published":false,"_jetpack_newsletter_access":"","_jetpack_dont_email_post_to_subs":false,"_jetpack_newsletter_tier_id":0,"_jetpack_memberships_contains_paywalled_content":false,"_jetpack_memberships_contains_paid_content":false,"footnotes":"","jetpack_publicize_message":"","jetpack_publicize_feature_enabled":true,"jetpack_social_post_already_shared":false,"jetpack_social_options":{"image_generator_settings":{"template":"highway","default_image_id":0,"font":"","enabled":false},"version":2}},"categories":[13],"tags":[970,99,100,973,972,360,971],"class_list":["post-5320","post","type-post","status-publish","format-standard","hentry","category-words","tag-blogger-schenken-lesefreude","tag-buch","tag-bucher","tag-codex","tag-das-paket","tag-lesen","tag-welttag-des-buches"],"jetpack_publicize_connections":[],"jetpack_featured_media_url":"","jetpack_sharing_enabled":true,"jetpack_shortlink":"https:\/\/wp.me\/p674Fw-1nO","jetpack_likes_enabled":true,"jetpack-related-posts":[{"id":5411,"url":"https:\/\/develi.ch\/?p=5411","url_meta":{"origin":5320,"position":0},"title":"Gewinner der B\u00fccher","author":"ivi","date":"3. Mai 2017","format":false,"excerpt":"Zum Welttag de Buches habe ich bei der Aktion \"Blogger schenken Lesefreude\" mitgemacht. Leider haben einige die Regeln gar nicht wirklich gelesen und anstatt wie gebeten ne Email versendet, mir nur nen Kommentar hinterlassen. Sori ihr Lieben, da es unfair f\u00fcr diejenigen w\u00e4re, welche die Email wirklich geschrieben habe, hab\u2026","rel":"","context":"In &quot;Worte&quot;","block_context":{"text":"Worte","link":"https:\/\/develi.ch\/?cat=13"},"img":{"alt_text":"","src":"","width":0,"height":0},"classes":[]},{"id":4230,"url":"https:\/\/develi.ch\/?p=4230","url_meta":{"origin":5320,"position":1},"title":"Wettbewerb zum 300. Blog Beitrag","author":"ivi","date":"7. Juli 2015","format":false,"excerpt":"Zum Jubil\u00e4um hab ich beschlossen, einen kleinen Wettbewerb zu veranstalte. Gewinnen kann man B\u00fccher. Und zwar darf man den Sack ausw\u00e4hlen auf dem Foto, aus welchem man dann 3 B\u00fccher zugesendet bekommt. Die d\u00fcrft ihr ausw\u00e4hlen aus dem Sack, wenn ihr gewonnen habt. * Um zu gewinnen m\u00fcsst ihr eine\u2026","rel":"","context":"In &quot;B\u00fccher_Filme_Spiele&quot;","block_context":{"text":"B\u00fccher_Filme_Spiele","link":"https:\/\/develi.ch\/?cat=1186"},"img":{"alt_text":"wpid-dsc_2295.jpg","src":"https:\/\/i0.wp.com\/develi.ch\/wp-content\/uploads\/2015\/07\/wpid-dsc_2295-1024x576.jpg?resize=350%2C200&ssl=1","width":350,"height":200},"classes":[]},{"id":6590,"url":"https:\/\/develi.ch\/?p=6590","url_meta":{"origin":5320,"position":2},"title":"Book: Die Tintenwelt Reihe","author":"ivi","date":"26. September 2018","format":false,"excerpt":"Als 400. Beitrag hier auf dEvEli.ch m\u00f6chte ich euch von einer tollen W\u00f6rterwelt berichten: Als ich vor ein paar Monaten von jemandem die Tintenwelt Reihe geschenkt bekam, wusste ich noch nicht, das ich mit diesen B\u00fcchern in eine komplett neue Welt eintauchen w\u00fcrde. ich lese ja eigentlich gerne und viel,\u2026","rel":"","context":"In &quot;B\u00fccher_Filme_Spiele&quot;","block_context":{"text":"B\u00fccher_Filme_Spiele","link":"https:\/\/develi.ch\/?cat=1186"},"img":{"alt_text":"","src":"https:\/\/i0.wp.com\/develi.ch\/wp-content\/uploads\/2018\/09\/20180926_0943202252884573833889568-1024x578.jpg?resize=350%2C200&ssl=1","width":350,"height":200},"classes":[]},{"id":6119,"url":"https:\/\/develi.ch\/?p=6119","url_meta":{"origin":5320,"position":3},"title":"Advent mit Mikki und ihren 15 Engeln: T\u00f6rchen 12 &#8211; Die Weihnachtsdekoration","author":"ivi","date":"12. Dezember 2017","format":false,"excerpt":"Mein T\u00f6rchen ist offen: \u00a0 Hier geht's zum letzten Teil\u00a0der Geschichte \u00a0vom 11. Dezember - Dressup Journal => \u2026Langsam aber sicher stimmt alles: Das Essen, die Dekoration, ja sogar das perfekte Weihnachtsoutfit wurde gefunden. Ihr kommt direkt von Sarahs perfektem Weihnachtsoutfit und landet auf meiner Seite: Dezember \u2013 DEVELI *Klingeling!*\u2026","rel":"","context":"In &quot;Gebastel&quot;","block_context":{"text":"Gebastel","link":"https:\/\/develi.ch\/?cat=1029"},"img":{"alt_text":"","src":"https:\/\/i0.wp.com\/develi.ch\/wp-content\/uploads\/2017\/11\/nr-12-offen-300x267.jpg?resize=350%2C200&ssl=1","width":350,"height":200},"classes":[]},{"id":4204,"url":"https:\/\/develi.ch\/?p=4204","url_meta":{"origin":5320,"position":4},"title":"Books: Krank","author":"ivi","date":"17. Juni 2015","format":false,"excerpt":"\u00dcber ein Buch habe ich schon l\u00e4nger nicht mehr geschrieben. Das liegt nicht daran, das ich aufgeh\u00f6rt habe zu lesen, sondern weil ich aktuell B\u00fccher parallel lese und sobald ich fertig bin, ein neues aus meinem B\u00fccherstapel ziehe und gar nicht mehr weiss, ob das eine nun besser ist als\u2026","rel":"","context":"In &quot;B\u00fccher_Filme_Spiele&quot;","block_context":{"text":"B\u00fccher_Filme_Spiele","link":"https:\/\/develi.ch\/?cat=1186"},"img":{"alt_text":"","src":"https:\/\/i0.wp.com\/develi.ch\/wp-content\/uploads\/2015\/06\/wpid-dsc_2262-e1434532699238-150x150.jpg?resize=350%2C200&ssl=1","width":350,"height":200,"srcset":"https:\/\/i0.wp.com\/develi.ch\/wp-content\/uploads\/2015\/06\/wpid-dsc_2262-e1434532699238-150x150.jpg?resize=350%2C200&ssl=1 1x, https:\/\/i0.wp.com\/develi.ch\/wp-content\/uploads\/2015\/06\/wpid-dsc_2262-e1434532699238-150x150.jpg?resize=525%2C300&ssl=1 1.5x"},"classes":[]},{"id":6092,"url":"https:\/\/develi.ch\/?p=6092","url_meta":{"origin":5320,"position":5},"title":"Books: Sie weiss von dir","author":"ivi","date":"24. November 2017","format":false,"excerpt":"Ich hab hier schon l\u00e4nger nicht mehr \u00fcber ein Buch geschrieben. Aber dieses (H\u00f6r)buch hats mir echt angetan. Es wird wunderbar gelesen von Rike Schmid,\u00a0Maria Koschny und Simon\u00a0J\u00e4ger. Simon J\u00e4ger ist auch Synchronsprecher und war die Stimme von Heath Ledger und ich h\u00f6re ihm total gerne zu. Zum Inhalt: Als\u2026","rel":"","context":"In &quot;B\u00fccher_Filme_Spiele&quot;","block_context":{"text":"B\u00fccher_Filme_Spiele","link":"https:\/\/develi.ch\/?cat=1186"},"img":{"alt_text":"","src":"","width":0,"height":0},"classes":[]}],"_links":{"self":[{"href":"https:\/\/develi.ch\/index.php?rest_route=\/wp\/v2\/posts\/5320","targetHints":{"allow":["GET"]}}],"collection":[{"href":"https:\/\/develi.ch\/index.php?rest_route=\/wp\/v2\/posts"}],"about":[{"href":"https:\/\/develi.ch\/index.php?rest_route=\/wp\/v2\/types\/post"}],"author":[{"embeddable":true,"href":"https:\/\/develi.ch\/index.php?rest_route=\/wp\/v2\/users\/1"}],"replies":[{"embeddable":true,"href":"https:\/\/develi.ch\/index.php?rest_route=%2Fwp%2Fv2%2Fcomments&post=5320"}],"version-history":[{"count":6,"href":"https:\/\/develi.ch\/index.php?rest_route=\/wp\/v2\/posts\/5320\/revisions"}],"predecessor-version":[{"id":6764,"href":"https:\/\/develi.ch\/index.php?rest_route=\/wp\/v2\/posts\/5320\/revisions\/6764"}],"wp:attachment":[{"href":"https:\/\/develi.ch\/index.php?rest_route=%2Fwp%2Fv2%2Fmedia&parent=5320"}],"wp:term":[{"taxonomy":"category","embeddable":true,"href":"https:\/\/develi.ch\/index.php?rest_route=%2Fwp%2Fv2%2Fcategories&post=5320"},{"taxonomy":"post_tag","embeddable":true,"href":"https:\/\/develi.ch\/index.php?rest_route=%2Fwp%2Fv2%2Ftags&post=5320"}],"curies":[{"name":"wp","href":"https:\/\/api.w.org\/{rel}","templated":true}]}}