{"id":5318,"date":"2017-02-22T17:05:37","date_gmt":"2017-02-22T16:05:37","guid":{"rendered":"https:\/\/develi.ch\/?p=5318"},"modified":"2017-04-19T17:13:59","modified_gmt":"2017-04-19T15:13:59","slug":"loecher-in-der-bauchdecke","status":"publish","type":"post","link":"https:\/\/develi.ch\/?p=5318","title":{"rendered":"L\u00f6cher in der Bauchdecke"},"content":{"rendered":"<p>Im Febrar durfe ich nochmals ins Hotel &#8222;Spital&#8220; einchecken.<\/p>\n<p>Macht absolut keinen Spass!<\/p>\n<p>Nach fiesen Koliken musste ich an einem Mittwoch Abend kurzerhand auf den Notfall im KSW (danke liebe S. f\u00fcrs fahren!) und nach einem netten Cocktail aus diversen Schmerzmittel ging es mir direkt viel besser.<\/p>\n<p>Diagnose war Bauchspeicheldr\u00fcsenentz\u00fcndung, wegen Gallensteinen.<\/p>\n<p>Toll.<\/p>\n<div id='gallery-1' class='gallery galleryid-5318 gallery-columns-4 gallery-size-thumbnail'><figure class='gallery-item'>\n\t\t\t<div class='gallery-icon portrait'>\n\t\t\t\t<a href='https:\/\/develi.ch\/?attachment_id=5317'><img loading=\"lazy\" decoding=\"async\" width=\"150\" height=\"150\" src=\"https:\/\/develi.ch\/wp-content\/uploads\/2017\/04\/dsc_3211-e1492614551331-150x150.jpg\" class=\"attachment-thumbnail size-thumbnail\" alt=\"\" \/><\/a>\n\t\t\t<\/div><\/figure><figure class='gallery-item'>\n\t\t\t<div class='gallery-icon portrait'>\n\t\t\t\t<a href='https:\/\/develi.ch\/?attachment_id=5313'><img loading=\"lazy\" decoding=\"async\" width=\"150\" height=\"150\" src=\"https:\/\/develi.ch\/wp-content\/uploads\/2017\/04\/dsc_3212-e1492614561873-150x150.jpg\" class=\"attachment-thumbnail size-thumbnail\" alt=\"\" \/><\/a>\n\t\t\t<\/div><\/figure><figure class='gallery-item'>\n\t\t\t<div class='gallery-icon landscape'>\n\t\t\t\t<a href='https:\/\/develi.ch\/?attachment_id=5316'><img loading=\"lazy\" decoding=\"async\" width=\"150\" height=\"150\" src=\"https:\/\/develi.ch\/wp-content\/uploads\/2017\/04\/dsc_3214-150x150.jpg\" class=\"attachment-thumbnail size-thumbnail\" alt=\"\" \/><\/a>\n\t\t\t<\/div><\/figure><figure class='gallery-item'>\n\t\t\t<div class='gallery-icon landscape'>\n\t\t\t\t<a href='https:\/\/develi.ch\/?attachment_id=5315'><img loading=\"lazy\" decoding=\"async\" width=\"150\" height=\"150\" src=\"https:\/\/develi.ch\/wp-content\/uploads\/2017\/04\/dsc_3215-150x150.jpg\" class=\"attachment-thumbnail size-thumbnail\" alt=\"\" \/><\/a>\n\t\t\t<\/div><\/figure>\n\t\t<\/div>\n\n<p>Ich durfte also bleiben und mich auf eine nette Operation zwecks Entfernung der Gallenblase freuen.<\/p>\n<p>Nun habe ich halt ein paar Narben am Bauch, weil f\u00fcr die Operation vier L\u00f6cher gemacht werden mussten. Zum Gl\u00fcck verlief alles total unkompliziert und nach 5 Tagen konnte ich wieder nach Hause.<\/p>\n<p><a href=\"https:\/\/develi.ch\/wp-content\/uploads\/2017\/04\/dsc_3217.jpg\"><img loading=\"lazy\" decoding=\"async\" class=\"alignnone size-large wp-image-5314\" src=\"https:\/\/develi.ch\/wp-content\/uploads\/2017\/04\/dsc_3217-1024x576.jpg\" alt=\"\" width=\"474\" height=\"267\" srcset=\"https:\/\/develi.ch\/wp-content\/uploads\/2017\/04\/dsc_3217.jpg 1024w, https:\/\/develi.ch\/wp-content\/uploads\/2017\/04\/dsc_3217-300x169.jpg 300w, https:\/\/develi.ch\/wp-content\/uploads\/2017\/04\/dsc_3217-768x432.jpg 768w\" sizes=\"auto, (max-width: 474px) 100vw, 474px\" \/><\/a><\/p>\n","protected":false},"excerpt":{"rendered":"<p>Im Febrar durfe ich nochmals ins Hotel &#8222;Spital&#8220; einchecken. Macht absolut keinen Spass! Nach fiesen Koliken musste ich an einem Mittwoch Abend kurzerhand auf den Notfall im KSW (danke liebe S. f\u00fcrs fahren!) und nach einem netten Cocktail aus diversen Schmerzmittel ging es mir direkt viel besser. Diagnose war Bauchspeicheldr\u00fcsenentz\u00fcndung, wegen Gallensteinen. Toll. Ich durfte &#8230; <a title=\"L\u00f6cher in der Bauchdecke\" class=\"read-more\" href=\"https:\/\/develi.ch\/?p=5318\">Read more<span class=\"screen-reader-text\">L\u00f6cher in der Bauchdecke<\/span><\/a><\/p>\n","protected":false},"author":1,"featured_media":0,"comment_status":"open","ping_status":"closed","sticky":false,"template":"","format":"standard","meta":{"jetpack_post_was_ever_published":false,"_jetpack_newsletter_access":"","_jetpack_dont_email_post_to_subs":false,"_jetpack_newsletter_tier_id":0,"_jetpack_memberships_contains_paywalled_content":false,"_jetpack_memberships_contains_paid_content":false,"footnotes":"","jetpack_publicize_message":"","jetpack_publicize_feature_enabled":true,"jetpack_social_post_already_shared":false,"jetpack_social_options":{"image_generator_settings":{"template":"highway","default_image_id":0,"font":"","enabled":false},"version":2}},"categories":[1019],"tags":[],"class_list":["post-5318","post","type-post","status-publish","format-standard","hentry","category-ivis-world"],"jetpack_publicize_connections":[],"jetpack_featured_media_url":"","jetpack_sharing_enabled":true,"jetpack_shortlink":"https:\/\/wp.me\/p674Fw-1nM","jetpack_likes_enabled":true,"jetpack-related-posts":[{"id":5420,"url":"https:\/\/develi.ch\/?p=5420","url_meta":{"origin":5318,"position":0},"title":"Schuhe&#8230;..","author":"ivi","date":"10. Mai 2017","format":false,"excerpt":"Ich mag keine Schuhe einkaufen.. Da scheint mir einfach ein bestimmtes Gen zu fehlen. Und weil das so ist, hatte ich in letzter Zeit oft nasse F\u00fcsse. Meine Lieblingssneakers haben n\u00e4mlich L\u00f6cher. So grosse L\u00f6cher, das meine F\u00fcsse bei Regen so nass sind, als w\u00e4re ich barfuss unterwegs gewesen. So\u2026","rel":"","context":"In &quot;vegan&quot;","block_context":{"text":"vegan","link":"https:\/\/develi.ch\/?cat=985"},"img":{"alt_text":"","src":"https:\/\/i0.wp.com\/develi.ch\/wp-content\/uploads\/2017\/05\/DSC_3438-e1494443875792-169x300.jpg?resize=350%2C200&ssl=1","width":350,"height":200},"classes":[]},{"id":1809,"url":"https:\/\/develi.ch\/?p=1809","url_meta":{"origin":5318,"position":1},"title":"\u00dcberraschungen&#8230;","author":"ivi","date":"27. M\u00e4rz 2013","format":false,"excerpt":"Gestern \u00fcber den Mittag hab ich kurz mal mit einer lieben Arbeitskollegin den M\u00fcller im Lokwerk gepl\u00fcndert. Ein paar Ostersachen, Kosmetikartikel und nat\u00fcrlich musste die Multimedia Ecke inspiziert werden. Damit wir mal wieder ein Zusammenspiel-Spiel haben, hab ich das neue Tomb Raider eingesteckt und nach dem neusten Bioshock ausschau gehalten.\u2026","rel":"","context":"In &quot;B\u00fccher_Filme_Spiele&quot;","block_context":{"text":"B\u00fccher_Filme_Spiele","link":"https:\/\/develi.ch\/?cat=1186"},"img":{"alt_text":"","src":"","width":0,"height":0},"classes":[]},{"id":4054,"url":"https:\/\/develi.ch\/?p=4054","url_meta":{"origin":5318,"position":2},"title":"Putzfrau &#8211; Segen oder Fluch?","author":"ivi","date":"21. Mai 2015","format":false,"excerpt":"Letztes Jahr hab ich in einem Gespr\u00e4ch mit einer Arbeitskollegin, welche von ihrer erste und neuen Putzfrau erz\u00e4hlt hat, beschlossen, das ich auch eine Putzfrau anstellen m\u00f6chte. Also nicht lange gefackelt (mache ich eigentlich nie..) und bei der Putzfrauen Agentur in Winterthur angefragt, ob jemand verf\u00fcgbar w\u00e4re. Danach erste Wohnungsbesichtigung\u2026","rel":"","context":"In &quot;Winterthur&quot;","block_context":{"text":"Winterthur","link":"https:\/\/develi.ch\/?cat=12"},"img":{"alt_text":"","src":"","width":0,"height":0},"classes":[]},{"id":1662,"url":"https:\/\/develi.ch\/?p=1662","url_meta":{"origin":5318,"position":3},"title":"Essen im Nooch","author":"ivi","date":"23. November 2012","format":false,"excerpt":"\u00d6fters mal habe ich Pech, wenn ich im Noch essen gehe. Manchmal ist das Essen viel zu scharf, manchmal bekomme ich nur die H\u00e4lfte vom Bestellten Mix Teller und ab und an, wollen die mich dort gar nicht verstehen. Ich schiebe das dann und wann auf meinen sch\u00f6nen Bernerdialekt, denn\u2026","rel":"","context":"In &quot;ivis world&quot;","block_context":{"text":"ivis world","link":"https:\/\/develi.ch\/?cat=1019"},"img":{"alt_text":"","src":"","width":0,"height":0},"classes":[]},{"id":167,"url":"https:\/\/develi.ch\/?p=167","url_meta":{"origin":5318,"position":4},"title":"Musik und Erinnerungen&#8230;","author":"ivi","date":"18. Februar 2011","format":false,"excerpt":"\" passiert euch das auch ab und zu, und welche Erinnerungen verbindet ihr mit welchem Lied?\" Die Frage in einem Thread eines Forums... und meine gedanken dazu waren dann irgendwie total deprimierend, weil ich zwar viele lieder mit viel sch\u00f6nem assoziere. aber zbsp Linkin Park h\u00f6rte ich 2001 als mein\u2026","rel":"","context":"In &quot;Sound \/ Dance \/ Party&quot;","block_context":{"text":"Sound \/ Dance \/ Party","link":"https:\/\/develi.ch\/?cat=11"},"img":{"alt_text":"","src":"","width":0,"height":0},"classes":[]},{"id":175,"url":"https:\/\/develi.ch\/?p=175","url_meta":{"origin":5318,"position":5},"title":"Samstag Morgen Shopping","author":"ivi","date":"24. Februar 2011","format":false,"excerpt":"Samstag Morgen, 7:40. In ner Viertelstunde w\u00fcrde mein Wecker l\u00e4uten, doch ich h\u00f6re im Wohnzimmer dumpfes Gemurmel. Nach einem erneuten Blick auf die Uhr stehe ich mal auf und streife mir meinen Morgenmantel \u00fcber. Erstaunte Blicke vom Sofa, mein Holder und sein treuer Freund (*chchchhchchch* ) sind \u00fcberrascht, das ich\u2026","rel":"","context":"In &quot;ivis world&quot;","block_context":{"text":"ivis world","link":"https:\/\/develi.ch\/?cat=1019"},"img":{"alt_text":"DSC01151","src":"https:\/\/i0.wp.com\/develi.ch\/wp-content\/uploads\/2011\/02\/DSC01151-300x225.jpg?resize=350%2C200&ssl=1","width":350,"height":200},"classes":[]}],"_links":{"self":[{"href":"https:\/\/develi.ch\/index.php?rest_route=\/wp\/v2\/posts\/5318","targetHints":{"allow":["GET"]}}],"collection":[{"href":"https:\/\/develi.ch\/index.php?rest_route=\/wp\/v2\/posts"}],"about":[{"href":"https:\/\/develi.ch\/index.php?rest_route=\/wp\/v2\/types\/post"}],"author":[{"embeddable":true,"href":"https:\/\/develi.ch\/index.php?rest_route=\/wp\/v2\/users\/1"}],"replies":[{"embeddable":true,"href":"https:\/\/develi.ch\/index.php?rest_route=%2Fwp%2Fv2%2Fcomments&post=5318"}],"version-history":[{"count":1,"href":"https:\/\/develi.ch\/index.php?rest_route=\/wp\/v2\/posts\/5318\/revisions"}],"predecessor-version":[{"id":5319,"href":"https:\/\/develi.ch\/index.php?rest_route=\/wp\/v2\/posts\/5318\/revisions\/5319"}],"wp:attachment":[{"href":"https:\/\/develi.ch\/index.php?rest_route=%2Fwp%2Fv2%2Fmedia&parent=5318"}],"wp:term":[{"taxonomy":"category","embeddable":true,"href":"https:\/\/develi.ch\/index.php?rest_route=%2Fwp%2Fv2%2Fcategories&post=5318"},{"taxonomy":"post_tag","embeddable":true,"href":"https:\/\/develi.ch\/index.php?rest_route=%2Fwp%2Fv2%2Ftags&post=5318"}],"curies":[{"name":"wp","href":"https:\/\/api.w.org\/{rel}","templated":true}]}}