{"id":5298,"date":"2017-03-26T22:05:55","date_gmt":"2017-03-26T20:05:55","guid":{"rendered":"https:\/\/develi.ch\/?p=5298"},"modified":"2017-08-22T09:34:37","modified_gmt":"2017-08-22T07:34:37","slug":"2017","status":"publish","type":"post","link":"https:\/\/develi.ch\/?p=5298","title":{"rendered":"2017"},"content":{"rendered":"<p>Das Jahr ist schon fast drei Monate alt, und hier ist es recht still.. Das\u00a0 iegt einerseits daran, das ich aktuell mit meiner WordPress Installation nicht ganz auf der gleichen Wellenl\u00e4nge bin und ich keine Daten Gr\u00f6sser als 100 Kb heraufladen kann (was den Bilderupload recht nerfig werden l\u00e4sst) und anderseits, das wir seit Mitte Januar einen kleinen Menschen neu in unserer Familie haben, welcher sehr viel Aufmerksamkeit ben\u00f6tigt.<\/p>\n<p><a href=\"https:\/\/develi.ch\/wp-content\/uploads\/2017\/02\/c4957076e90c60e139edfe76edd25447.jpg\"><img loading=\"lazy\" decoding=\"async\" class=\"alignnone size-full wp-image-5272\" src=\"https:\/\/develi.ch\/wp-content\/uploads\/2017\/02\/c4957076e90c60e139edfe76edd25447.jpg\" alt=\"\" width=\"736\" height=\"736\" srcset=\"https:\/\/develi.ch\/wp-content\/uploads\/2017\/02\/c4957076e90c60e139edfe76edd25447.jpg 736w, https:\/\/develi.ch\/wp-content\/uploads\/2017\/02\/c4957076e90c60e139edfe76edd25447-150x150.jpg 150w, https:\/\/develi.ch\/wp-content\/uploads\/2017\/02\/c4957076e90c60e139edfe76edd25447-300x300.jpg 300w\" sizes=\"auto, (max-width: 736px) 100vw, 736px\" \/><\/a><\/p>\n<p>Daher hoffe ich auf Verst\u00e4ndnis, wenn es hier im Blog etwa ruhiger zu un her geht. Sobald die WP Probleme mal gel\u00f6st sind, ist ein Handyupload auch wieder einfacher und ein spontan Bog macht dann auch wieder Spass \ud83d\ude09<\/p>\n","protected":false},"excerpt":{"rendered":"<p>Das Jahr ist schon fast drei Monate alt, und hier ist es recht still.. Das\u00a0 iegt einerseits daran, das ich aktuell mit meiner WordPress Installation nicht ganz auf der gleichen Wellenl\u00e4nge bin und ich keine Daten Gr\u00f6sser als 100 Kb heraufladen kann (was den Bilderupload recht nerfig werden l\u00e4sst) und anderseits, das wir seit Mitte &#8230; <a title=\"2017\" class=\"read-more\" href=\"https:\/\/develi.ch\/?p=5298\">Read more<span class=\"screen-reader-text\">2017<\/span><\/a><\/p>\n","protected":false},"author":1,"featured_media":0,"comment_status":"open","ping_status":"closed","sticky":false,"template":"","format":"standard","meta":{"jetpack_post_was_ever_published":false,"_jetpack_newsletter_access":"","_jetpack_dont_email_post_to_subs":false,"_jetpack_newsletter_tier_id":0,"_jetpack_memberships_contains_paywalled_content":false,"_jetpack_memberships_contains_paid_content":false,"footnotes":"","jetpack_publicize_message":"","jetpack_publicize_feature_enabled":true,"jetpack_social_post_already_shared":false,"jetpack_social_options":{"image_generator_settings":{"template":"highway","default_image_id":0,"font":"","enabled":false},"version":2}},"categories":[1019],"tags":[],"class_list":["post-5298","post","type-post","status-publish","format-standard","hentry","category-ivis-world"],"jetpack_publicize_connections":[],"jetpack_featured_media_url":"","jetpack_sharing_enabled":true,"jetpack_shortlink":"https:\/\/wp.me\/s674Fw-2017","jetpack_likes_enabled":true,"jetpack-related-posts":[{"id":6042,"url":"https:\/\/develi.ch\/?p=6042","url_meta":{"origin":5298,"position":0},"title":"Shooting: Horrorpuppe","author":"ivi","date":"21. Oktober 2017","format":false,"excerpt":"Da ich aktuell meinen Sidecut rauswachsen lasse, weil ich einfach zu faul bin, jede Woche neu rasieren zu m\u00fcssen, hab ich mir gedacht, k\u00f6nnte man doch mit der halb-halb Frisur ein Shooting planen. Also habe ich Natascha von Mikkis Blog angefragt, ob sie mit mir ein Puppenshooting machen w\u00fcrde. Da\u2026","rel":"","context":"In &quot;Shooting&quot;","block_context":{"text":"Shooting","link":"https:\/\/develi.ch\/?cat=1086"},"img":{"alt_text":"","src":"https:\/\/i0.wp.com\/develi.ch\/wp-content\/uploads\/2017\/09\/wp-image-1230111213-150x150.jpg?resize=350%2C200&ssl=1","width":350,"height":200,"srcset":"https:\/\/i0.wp.com\/develi.ch\/wp-content\/uploads\/2017\/09\/wp-image-1230111213-150x150.jpg?resize=350%2C200&ssl=1 1x, https:\/\/i0.wp.com\/develi.ch\/wp-content\/uploads\/2017\/09\/wp-image-1230111213-150x150.jpg?resize=525%2C300&ssl=1 1.5x"},"classes":[]},{"id":4503,"url":"https:\/\/develi.ch\/?p=4503","url_meta":{"origin":5298,"position":1},"title":"Hallo Krebs","author":"ivi","date":"30. November 2015","format":false,"excerpt":"\u00a0Wir kennen uns schon einige Jahre. Daher glaube ich, ist es ok wenn ich mal mit dir Klartext rede: Du bist ein Arschloch! Sorry, wenn das etwas direkt ist, aber manche Dinge kann man einfach nicht sch\u00f6n reden. Ich konnte dich noch nie leiden und der Sinn deiner Existenz ist\u2026","rel":"","context":"In &quot;Worte&quot;","block_context":{"text":"Worte","link":"https:\/\/develi.ch\/?cat=13"},"img":{"alt_text":"","src":"https:\/\/i0.wp.com\/develi.ch\/wp-content\/uploads\/2015\/12\/wpid-dsc_2536.jpg?resize=350%2C200&ssl=1","width":350,"height":200,"srcset":"https:\/\/i0.wp.com\/develi.ch\/wp-content\/uploads\/2015\/12\/wpid-dsc_2536.jpg?resize=350%2C200&ssl=1 1x, https:\/\/i0.wp.com\/develi.ch\/wp-content\/uploads\/2015\/12\/wpid-dsc_2536.jpg?resize=525%2C300&ssl=1 1.5x, https:\/\/i0.wp.com\/develi.ch\/wp-content\/uploads\/2015\/12\/wpid-dsc_2536.jpg?resize=700%2C400&ssl=1 2x"},"classes":[]},{"id":683,"url":"https:\/\/develi.ch\/?p=683","url_meta":{"origin":5298,"position":2},"title":"Schweizer Kinder m\u00fcssen T\u00fcrkisch lernen","author":"ivi","date":"5. September 2011","format":false,"excerpt":"Als ich am Samstag den Denkanstoss-Artikel \"Schweizer Kinder m\u00fcssen T\u00fcrkisch lernen\" gelesen habe, musste ich doch ein paar Mal schwer schlucken. Ich verstehe nicht wirklich, wieso unsere Kinder eine weitere Fremdsprache (nebst Franz\u00f6sisch, Englisch und ev Italienisch)\u00a0im eigenen Land lernen sollten, um sich in der Klasse integrieren zu k\u00f6nnen. Weil\u2026","rel":"","context":"In &quot;ivis world&quot;","block_context":{"text":"ivis world","link":"https:\/\/develi.ch\/?cat=1019"},"img":{"alt_text":"","src":"https:\/\/i0.wp.com\/develi.ch\/wordpress\/wp-content\/uploads\/2011\/09\/unbenannt.jpg?resize=350%2C200&ssl=1","width":350,"height":200},"classes":[]},{"id":4237,"url":"https:\/\/develi.ch\/?p=4237","url_meta":{"origin":5298,"position":3},"title":"Was f\u00fcr ein Wochenende&#8230;","author":"ivi","date":"6. Juli 2015","format":false,"excerpt":"Da ich Freitags etwas l\u00e4nger als geplant im B\u00fcro war, konnten wir unseren Wochenendeeinkauf nicht schon am Freitag Abend erledigen. Gereicht hat es nur f\u00fcr den n\u00f6tigen Naschzeugs-Auff\u00fclleinkauf im Coop, in welchem wir irgendwie tats\u00e4chlich immer nur ungesundes und S\u00fcsses einkaufen. Auf jeden Fall mussten wir den Einkauf f\u00fcrs Wochenende\u2026","rel":"","context":"In &quot;Sound \/ Dance \/ Party&quot;","block_context":{"text":"Sound \/ Dance \/ Party","link":"https:\/\/develi.ch\/?cat=11"},"img":{"alt_text":"","src":"https:\/\/i0.wp.com\/develi.ch\/wp-content\/uploads\/2015\/07\/wpid-dsc_2291-150x150.jpg?resize=350%2C200&ssl=1","width":350,"height":200,"srcset":"https:\/\/i0.wp.com\/develi.ch\/wp-content\/uploads\/2015\/07\/wpid-dsc_2291-150x150.jpg?resize=350%2C200&ssl=1 1x, https:\/\/i0.wp.com\/develi.ch\/wp-content\/uploads\/2015\/07\/wpid-dsc_2291-150x150.jpg?resize=525%2C300&ssl=1 1.5x, https:\/\/i0.wp.com\/develi.ch\/wp-content\/uploads\/2015\/07\/wpid-dsc_2291-150x150.jpg?resize=700%2C400&ssl=1 2x"},"classes":[]},{"id":5688,"url":"https:\/\/develi.ch\/?p=5688","url_meta":{"origin":5298,"position":4},"title":"Greenfield 2017 &#8211; Bericht","author":"ivi","date":"25. Juni 2017","format":false,"excerpt":"Schon das Erhalten der Tickets war in diesem Jahr ein Abenteuer f\u00fcr sich, hat doch jemand unsere Freikarten verschenkt. Da gabs doch den einen oder anderen Augenblick, kurz vor dem Festival, als es mal kurz eng wurde =) Aber unser Lieblingsgummihals, der Peer, hat alles geregelt und unser Greenfield Budget\u2026","rel":"","context":"In &quot;In der K\u00fcche&quot;","block_context":{"text":"In der K\u00fcche","link":"https:\/\/develi.ch\/?cat=8"},"img":{"alt_text":"","src":"https:\/\/i0.wp.com\/develi.ch\/wp-content\/uploads\/2017\/06\/IMG-20170613-WA0002-150x150.jpg?resize=350%2C200&ssl=1","width":350,"height":200,"srcset":"https:\/\/i0.wp.com\/develi.ch\/wp-content\/uploads\/2017\/06\/IMG-20170613-WA0002-150x150.jpg?resize=350%2C200&ssl=1 1x, https:\/\/i0.wp.com\/develi.ch\/wp-content\/uploads\/2017\/06\/IMG-20170613-WA0002-150x150.jpg?resize=525%2C300&ssl=1 1.5x"},"classes":[]},{"id":749,"url":"https:\/\/develi.ch\/?p=749","url_meta":{"origin":5298,"position":5},"title":"Mail an Exsila","author":"ivi","date":"12. September 2011","format":false,"excerpt":"Damit aufmerksame Leser auch sehen, das wir nicht nur gequatscht haben in den Kommentarfeldern, meine Mail an Exsila zum Thema \"Zockt Exsila die Benutzer ab?\" 09.09.2011 11:12 Fragen betreffend Franken Exsilapunkte Sehr geehrtes Exsila Team In Anlehnung an diverse Diskussionen mit anderen Exsila Mitgliedern, m\u00f6chte ich hier mal nachfragen, ob\u2026","rel":"","context":"In &quot;ivis world&quot;","block_context":{"text":"ivis world","link":"https:\/\/develi.ch\/?cat=1019"},"img":{"alt_text":"","src":"","width":0,"height":0},"classes":[]}],"_links":{"self":[{"href":"https:\/\/develi.ch\/index.php?rest_route=\/wp\/v2\/posts\/5298","targetHints":{"allow":["GET"]}}],"collection":[{"href":"https:\/\/develi.ch\/index.php?rest_route=\/wp\/v2\/posts"}],"about":[{"href":"https:\/\/develi.ch\/index.php?rest_route=\/wp\/v2\/types\/post"}],"author":[{"embeddable":true,"href":"https:\/\/develi.ch\/index.php?rest_route=\/wp\/v2\/users\/1"}],"replies":[{"embeddable":true,"href":"https:\/\/develi.ch\/index.php?rest_route=%2Fwp%2Fv2%2Fcomments&post=5298"}],"version-history":[{"count":2,"href":"https:\/\/develi.ch\/index.php?rest_route=\/wp\/v2\/posts\/5298\/revisions"}],"predecessor-version":[{"id":5303,"href":"https:\/\/develi.ch\/index.php?rest_route=\/wp\/v2\/posts\/5298\/revisions\/5303"}],"wp:attachment":[{"href":"https:\/\/develi.ch\/index.php?rest_route=%2Fwp%2Fv2%2Fmedia&parent=5298"}],"wp:term":[{"taxonomy":"category","embeddable":true,"href":"https:\/\/develi.ch\/index.php?rest_route=%2Fwp%2Fv2%2Fcategories&post=5298"},{"taxonomy":"post_tag","embeddable":true,"href":"https:\/\/develi.ch\/index.php?rest_route=%2Fwp%2Fv2%2Ftags&post=5298"}],"curies":[{"name":"wp","href":"https:\/\/api.w.org\/{rel}","templated":true}]}}