{"id":5018,"date":"2016-08-28T20:38:21","date_gmt":"2016-08-28T18:38:21","guid":{"rendered":"https:\/\/develi.ch\/?p=5018"},"modified":"2017-05-10T21:45:51","modified_gmt":"2017-05-10T19:45:51","slug":"summerdays-festival","status":"publish","type":"post","link":"https:\/\/develi.ch\/?p=5018","title":{"rendered":"SummerDays Festival"},"content":{"rendered":"<p>*entstaub*<br \/>\nDa ich nach dem Greenfield knapp 3 Wochen wirklich \u00fcbelst unfit war (hat ja leider schon am Greenfield selber angefangen), und danach auch immer noch eher m\u00fcde und schlapp war, hab ich meinen geliebten Blog etwas vernachl\u00e4ssigt.<br \/>\nAber was h\u00e4tte ich auch schreiben wollen? Meine Thesen und Erfahrungen im R\u00fcckw\u00e4rtsessen und das auf Platz eins &#8222;nur w\u00fcrgen, ohne Essensreste&#8220; steht? Wohl eher nicht.<\/p>\n<p>Damit vor dem ganzen Geburtstags, Hochzeits und weitere Projekte-Stress mal wieder Frischbuchstaben zu finden sind, m\u00f6chte ich \u00fcber den spontane Besuch am summerdays Festival in Arbon berichten.<\/p>\n<p>Mein Holder und ich haben uns gestern Abend supr spontan entschieden, mal kurz nach Arbon zu fahren, da wir beide von Hurts beeindruckt sind und ich als Berner im Ausland nat\u00fcrlich auch den Liedern von Patent Ochsner nicht abgeneigt war.<br \/>\nBei Faithless waren wir uns beide einig, das wir spontan gucken, ob 1. wir nicht zu m\u00fcde sind, 2. die Band etwas taugt und wir 3. nicht zu m\u00fcde sind =)<\/p>\n<p><a href=\"https:\/\/develi.ch\/wp-content\/uploads\/2016\/08\/dsc_2928-e1472408716248.jpg\"><img loading=\"lazy\" decoding=\"async\" class=\"alignnone size-large wp-image-5005\" src=\"https:\/\/develi.ch\/wp-content\/uploads\/2016\/08\/dsc_2928-e1472408716248-576x1024.jpg\" alt=\"dsc_2928.jpg\" width=\"474\" height=\"843\" srcset=\"https:\/\/develi.ch\/wp-content\/uploads\/2016\/08\/dsc_2928-e1472408716248.jpg 576w, https:\/\/develi.ch\/wp-content\/uploads\/2016\/08\/dsc_2928-e1472408716248-169x300.jpg 169w, https:\/\/develi.ch\/wp-content\/uploads\/2016\/08\/dsc_2928-e1472408716248-768x1365.jpg 768w\" sizes=\"auto, (max-width: 474px) 100vw, 474px\" \/><\/a><\/p>\n<p>Nach Ankunft gab es f\u00fcr mich noch etwas zum Abendessen, w\u00e4hrend im Hintergrund die Berner am singen waren.<\/p>\n<p><a href=\"https:\/\/develi.ch\/wp-content\/uploads\/2016\/08\/dsc_2930.jpg\"><img loading=\"lazy\" decoding=\"async\" class=\"alignnone size-large wp-image-5006\" src=\"https:\/\/develi.ch\/wp-content\/uploads\/2016\/08\/dsc_2930-1024x576.jpg\" alt=\"dsc_2930.jpg\" width=\"474\" height=\"267\" srcset=\"https:\/\/develi.ch\/wp-content\/uploads\/2016\/08\/dsc_2930.jpg 1024w, https:\/\/develi.ch\/wp-content\/uploads\/2016\/08\/dsc_2930-300x169.jpg 300w, https:\/\/develi.ch\/wp-content\/uploads\/2016\/08\/dsc_2930-768x432.jpg 768w\" sizes=\"auto, (max-width: 474px) 100vw, 474px\" \/><\/a><\/p>\n<p>Das Festival in Arbon hat eine einmalige Atmosph\u00e4re, direkt am See und der See voller Schiffe. Dazu hat jeder eine Picknickdecke oder ein Klappstuhl dabei und nirgendwo hat man das Gef\u00fchl, man sei nicht willkommen.<\/p>\n<p><a href=\"https:\/\/develi.ch\/wp-content\/uploads\/2016\/08\/dsc_2931.jpg\"><img loading=\"lazy\" decoding=\"async\" class=\"alignnone size-large wp-image-5010\" src=\"https:\/\/develi.ch\/wp-content\/uploads\/2016\/08\/dsc_2931-1024x576.jpg\" alt=\"dsc_2931.jpg\" width=\"474\" height=\"267\" srcset=\"https:\/\/develi.ch\/wp-content\/uploads\/2016\/08\/dsc_2931.jpg 1024w, https:\/\/develi.ch\/wp-content\/uploads\/2016\/08\/dsc_2931-300x169.jpg 300w, https:\/\/develi.ch\/wp-content\/uploads\/2016\/08\/dsc_2931-768x432.jpg 768w\" sizes=\"auto, (max-width: 474px) 100vw, 474px\" \/><\/a><\/p>\n<p><a href=\"https:\/\/develi.ch\/wp-content\/uploads\/2016\/08\/dsc_2932.jpg\"><img loading=\"lazy\" decoding=\"async\" class=\"alignnone size-large wp-image-5007\" src=\"https:\/\/develi.ch\/wp-content\/uploads\/2016\/08\/dsc_2932-1024x576.jpg\" alt=\"dsc_2932.jpg\" width=\"474\" height=\"267\" srcset=\"https:\/\/develi.ch\/wp-content\/uploads\/2016\/08\/dsc_2932.jpg 1024w, https:\/\/develi.ch\/wp-content\/uploads\/2016\/08\/dsc_2932-300x169.jpg 300w, https:\/\/develi.ch\/wp-content\/uploads\/2016\/08\/dsc_2932-768x432.jpg 768w\" sizes=\"auto, (max-width: 474px) 100vw, 474px\" \/><\/a><\/p>\n<p>Nach Patent Ochsner hat Hurts eine super Show geliefert. Der S\u00e4nger hat Rosen verteilt und sogar ein paar Brocken Deutsch\/Schweizerdeutsch ausprobiert.<\/p>\n<p>Lustig war nat\u00fcrlich auch die Diskussion mit dem neuen Kollegen meines Holden, welcher meinen Holden unbedingt zum Headbangen bringen wollte. Zu Hurts&#8230; Headbangen&#8230;.<\/p>\n<p>&#8230;.<\/p>\n<p>=)<\/p>\n<p>Zwischen Hurts und Faithless sassen wir ein St\u00fcck an den See, bis zu dem Zeitpunkt, als ein paar Teenies angenommen haben, wir w\u00e4ren praktische St\u00fcczhilfen zum absitzen und uns dann auch noch fast auf den Schoss gesessen sind.<\/p>\n<p>Zu Beginn von Faithless haben wir uns praktische Sitzpl\u00e4tze auf dem Sitz-Rasen ergattert. Leider haben dann viele die Infos auf den grossen Bildschirmen ignoriert, mit der Bitte, nicht vor dem Sitz-Rasen zu stehen, damit die mit Decken und Klappst\u00fchlen auch etwas vom Konzert sehen. Egal.<\/p>\n<p><a href=\"https:\/\/develi.ch\/wp-content\/uploads\/2016\/08\/dsc_2934.jpg\"><img loading=\"lazy\" decoding=\"async\" class=\"alignnone size-large wp-image-5009\" src=\"https:\/\/develi.ch\/wp-content\/uploads\/2016\/08\/dsc_2934-1024x576.jpg\" alt=\"dsc_2934.jpg\" width=\"474\" height=\"267\" srcset=\"https:\/\/develi.ch\/wp-content\/uploads\/2016\/08\/dsc_2934.jpg 1024w, https:\/\/develi.ch\/wp-content\/uploads\/2016\/08\/dsc_2934-300x169.jpg 300w, https:\/\/develi.ch\/wp-content\/uploads\/2016\/08\/dsc_2934-768x432.jpg 768w\" sizes=\"auto, (max-width: 474px) 100vw, 474px\" \/><\/a><\/p>\n<p><a href=\"https:\/\/develi.ch\/wp-content\/uploads\/2016\/08\/dsc_2935.jpg\"><img loading=\"lazy\" decoding=\"async\" class=\"alignnone size-large wp-image-5008\" src=\"https:\/\/develi.ch\/wp-content\/uploads\/2016\/08\/dsc_2935-1024x576.jpg\" alt=\"dsc_2935.jpg\" width=\"474\" height=\"267\" srcset=\"https:\/\/develi.ch\/wp-content\/uploads\/2016\/08\/dsc_2935.jpg 1024w, https:\/\/develi.ch\/wp-content\/uploads\/2016\/08\/dsc_2935-300x169.jpg 300w, https:\/\/develi.ch\/wp-content\/uploads\/2016\/08\/dsc_2935-768x432.jpg 768w\" sizes=\"auto, (max-width: 474px) 100vw, 474px\" \/><\/a><\/p>\n<p>Zu dem Zeitpunkt war ich eh schon m\u00fcde. \ud83d\ude09 Trotzdem hat\u00a0 &#8222;God is a DJ&#8220; sehr toll geklungen und die Stimmung war toll. &#8222;Leider&#8220; (f\u00fcr uns) hat die Band dann zu neuerem, jazz, hiphop, undefinierbarem Gemisch\u00a0 gewechselt und ohne den sch\u00f6nen Beat, war bei uns schnell die Luft raus.<\/p>\n<p>Dahr sind wir vor dem grossen Gedr\u00e4nge Richtung Parkplatz und ab nach Hause.<\/p>\n<p>War sch\u00f6n, mal wieder ohne grosse Pl\u00e4ne, Termine und anderem Stress, einfach mal wieder spontan irgendwas Unbekanntes entdecken.<\/p>\n<p>&nbsp;<\/p>\n<p>Nachtrag: Beim zu Bett gehen hab ich spontan ne Beule am Bein bemerkt, die sich von einem harmlosen M\u00fcckenstich gebildet hat:<\/p>\n<p><a href=\"https:\/\/develi.ch\/wp-content\/uploads\/2016\/08\/20160829_082526.jpg\"><img loading=\"lazy\" decoding=\"async\" class=\"alignnone wp-image-5020 size-medium\" src=\"https:\/\/develi.ch\/wp-content\/uploads\/2016\/08\/20160829_082526-224x300.jpg\" alt=\"20160829_082526.jpg\" width=\"224\" height=\"300\" srcset=\"https:\/\/develi.ch\/wp-content\/uploads\/2016\/08\/20160829_082526-224x300.jpg 224w, https:\/\/develi.ch\/wp-content\/uploads\/2016\/08\/20160829_082526-768x1031.jpg 768w, https:\/\/develi.ch\/wp-content\/uploads\/2016\/08\/20160829_082526.jpg 763w\" sizes=\"auto, (max-width: 224px) 100vw, 224px\" \/><\/a><\/p>\n<p>Die Fl\u00e4che um den Bluterguss war handgross ger\u00f6tet und leicht geschwollen. Am Sonntag war dann nur noch die Beule zu sehen. Trotzdem spannend, wie man auf M\u00fcckenstiche reagieren kann, wenn man schon l\u00e4nger nicht mehr gestochen wurde. =)<\/p>\n","protected":false},"excerpt":{"rendered":"<p>*entstaub* Da ich nach dem Greenfield knapp 3 Wochen wirklich \u00fcbelst unfit war (hat ja leider schon am Greenfield selber angefangen), und danach auch immer noch eher m\u00fcde und schlapp war, hab ich meinen geliebten Blog etwas vernachl\u00e4ssigt. Aber was h\u00e4tte ich auch schreiben wollen? Meine Thesen und Erfahrungen im R\u00fcckw\u00e4rtsessen und das auf Platz &#8230; <a title=\"SummerDays Festival\" class=\"read-more\" href=\"https:\/\/develi.ch\/?p=5018\">Read more<span class=\"screen-reader-text\">SummerDays Festival<\/span><\/a><\/p>\n","protected":false},"author":1,"featured_media":0,"comment_status":"open","ping_status":"closed","sticky":false,"template":"","format":"standard","meta":{"jetpack_post_was_ever_published":false,"_jetpack_newsletter_access":"","_jetpack_dont_email_post_to_subs":false,"_jetpack_newsletter_tier_id":0,"_jetpack_memberships_contains_paywalled_content":false,"_jetpack_memberships_contains_paid_content":false,"footnotes":"","jetpack_publicize_message":"","jetpack_publicize_feature_enabled":true,"jetpack_social_post_already_shared":true,"jetpack_social_options":{"image_generator_settings":{"template":"highway","default_image_id":0,"font":"","enabled":false},"version":2}},"categories":[11],"tags":[922,928,925,926,927,923,924],"class_list":["post-5018","post","type-post","status-publish","format-standard","hentry","category-sound-dance-party","tag-arbon","tag-faithless","tag-festival","tag-hurts","tag-patent-ochsner","tag-summerdays","tag-summerdays-festival"],"jetpack_publicize_connections":[],"jetpack_featured_media_url":"","jetpack_sharing_enabled":true,"jetpack_shortlink":"https:\/\/wp.me\/p674Fw-1iW","jetpack_likes_enabled":true,"jetpack-related-posts":[{"id":6932,"url":"https:\/\/develi.ch\/?p=6932","url_meta":{"origin":5018,"position":0},"title":"Greenfield 2023 &#8211; Bericht","author":"ivi","date":"3. Juli 2023","format":false,"excerpt":"\u00a0 Mittwochmittag Ich habe zum Gl\u00fcck gestern schon einiges gepackt und einen Plan, was ich noch packen muss, damit ich nach dem Mittagessen schon bald losfahren kann Richtung Interlaken. Dieses Jahr muss ich auch noch einplanen, ein Zelt zu schleppen, da wir tats\u00e4chlich campieren. Mit Zelt. Am Greenfield. Auf dem\u2026","rel":"","context":"In &quot;ivis world&quot;","block_context":{"text":"ivis world","link":"https:\/\/develi.ch\/?cat=1019"},"img":{"alt_text":"","src":"https:\/\/i0.wp.com\/develi.ch\/wp-content\/uploads\/2023\/06\/gf_2023_timetable-212x300.jpg?resize=350%2C200&ssl=1","width":350,"height":200},"classes":[]},{"id":6312,"url":"https:\/\/develi.ch\/?p=6312","url_meta":{"origin":5018,"position":1},"title":"Greenfield 2018 &#8211; Der Bericht","author":"ivi","date":"21. Juni 2018","format":false,"excerpt":"Da ist es wieder. Dieses eine Wochenende im Jahr, an dem ich ins Berner Oberland fahre, Freunde treffe und \u00abFamilienfrei\u00bb habe. Ja genau, es ist Greenfield Zeit. Dank weiser Voraussicht haben wir letztes Jahr bei einer Wildcard Aktion direkt nach dem Festival 2017 zugeschlagen und konnten so einen 3-Tages-Pass f\u00fcr\u2026","rel":"","context":"In &quot;Sound \/ Dance \/ Party&quot;","block_context":{"text":"Sound \/ Dance \/ Party","link":"https:\/\/develi.ch\/?cat=11"},"img":{"alt_text":"","src":"https:\/\/i0.wp.com\/develi.ch\/wp-content\/uploads\/2018\/07\/DSC_0423-150x150.jpg?resize=350%2C200&ssl=1","width":350,"height":200,"srcset":"https:\/\/i0.wp.com\/develi.ch\/wp-content\/uploads\/2018\/07\/DSC_0423-150x150.jpg?resize=350%2C200&ssl=1 1x, https:\/\/i0.wp.com\/develi.ch\/wp-content\/uploads\/2018\/07\/DSC_0423-150x150.jpg?resize=525%2C300&ssl=1 1.5x, https:\/\/i0.wp.com\/develi.ch\/wp-content\/uploads\/2018\/07\/DSC_0423-150x150.jpg?resize=700%2C400&ssl=1 2x"},"classes":[]},{"id":6670,"url":"https:\/\/develi.ch\/?p=6670","url_meta":{"origin":5018,"position":2},"title":"Greenfield Bericht 2019","author":"ivi","date":"19. Juni 2019","format":false,"excerpt":"Letzte Woche hatte ich Urlaub. Und zwar haupts\u00e4chlich deswegen um ins Berner Oberland zu fahren => Greenfield Zeit. Am Montag war noch Pfingstmontag und wir haben uns von unserem Placebo WGT erholt. Dienstag ging es dann mit super lieben Arbeitskollegen in den Europa Park. Der Tag dort war echt toll\u2026","rel":"","context":"In &quot;Sound \/ Dance \/ Party&quot;","block_context":{"text":"Sound \/ Dance \/ Party","link":"https:\/\/develi.ch\/?cat=11"},"img":{"alt_text":"","src":"https:\/\/i0.wp.com\/develi.ch\/wp-content\/uploads\/2019\/06\/dsc_13648087400083269720446-150x150.jpg?resize=350%2C200&ssl=1","width":350,"height":200,"srcset":"https:\/\/i0.wp.com\/develi.ch\/wp-content\/uploads\/2019\/06\/dsc_13648087400083269720446-150x150.jpg?resize=350%2C200&ssl=1 1x, https:\/\/i0.wp.com\/develi.ch\/wp-content\/uploads\/2019\/06\/dsc_13648087400083269720446-150x150.jpg?resize=525%2C300&ssl=1 1.5x, https:\/\/i0.wp.com\/develi.ch\/wp-content\/uploads\/2019\/06\/dsc_13648087400083269720446-150x150.jpg?resize=700%2C400&ssl=1 2x, https:\/\/i0.wp.com\/develi.ch\/wp-content\/uploads\/2019\/06\/dsc_13648087400083269720446-150x150.jpg?resize=1050%2C600&ssl=1 3x, https:\/\/i0.wp.com\/develi.ch\/wp-content\/uploads\/2019\/06\/dsc_13648087400083269720446-150x150.jpg?resize=1400%2C800&ssl=1 4x"},"classes":[]},{"id":4193,"url":"https:\/\/develi.ch\/?p=4193","url_meta":{"origin":5018,"position":3},"title":"Greenfield 2015 &#8211; Langweilige Bands, aber tolles Partyvolk!","author":"ivi","date":"15. Juni 2015","format":false,"excerpt":"Wie jedes Jahr zieht es mich nach Interlaken. In diesem Jahr nicht so sehr wegen den Bands, weil ich irgendwie nur ein paar vom Namen her kenne. Aber ans Greenfield geht man ja nicht nur wegen den Bands, sondern wegen dem Feeling und den tollen Leuten! Und herzlichen Dank\u00a0 f\u00fcr\u2026","rel":"","context":"In &quot;Sound \/ Dance \/ Party&quot;","block_context":{"text":"Sound \/ Dance \/ Party","link":"https:\/\/develi.ch\/?cat=11"},"img":{"alt_text":"","src":"https:\/\/i0.wp.com\/develi.ch\/wp-content\/uploads\/2015\/06\/wpid-dsc_2251-150x150.jpg?resize=350%2C200&ssl=1","width":350,"height":200,"srcset":"https:\/\/i0.wp.com\/develi.ch\/wp-content\/uploads\/2015\/06\/wpid-dsc_2251-150x150.jpg?resize=350%2C200&ssl=1 1x, https:\/\/i0.wp.com\/develi.ch\/wp-content\/uploads\/2015\/06\/wpid-dsc_2251-150x150.jpg?resize=525%2C300&ssl=1 1.5x, https:\/\/i0.wp.com\/develi.ch\/wp-content\/uploads\/2015\/06\/wpid-dsc_2251-150x150.jpg?resize=700%2C400&ssl=1 2x"},"classes":[]},{"id":6879,"url":"https:\/\/develi.ch\/?p=6879","url_meta":{"origin":5018,"position":4},"title":"Greenfield 2022 &#8211; Bericht","author":"ivi","date":"27. Juni 2022","format":false,"excerpt":"Es ist Mittwochabend im Juni. Ich hab gerade eine Diskussion mit meinem besten Freund via Whatsapp, ob ich ihm Strumpfhosen mitbringen soll, wenn ich morgen nach Interlaken fahre. Und bin zuerst etwas irritiert \u00fcber dieses Gespr\u00e4ch. Nat\u00fcrlich bring ich ihm sehr gerne Strumpfhosen mit. Aber als dann auch noch ein\u2026","rel":"","context":"In &quot;ivis world&quot;","block_context":{"text":"ivis world","link":"https:\/\/develi.ch\/?cat=1019"},"img":{"alt_text":"","src":"https:\/\/i0.wp.com\/develi.ch\/wp-content\/uploads\/2022\/06\/wp-16563565059683087373224045591772-150x150.jpg?resize=350%2C200&ssl=1","width":350,"height":200,"srcset":"https:\/\/i0.wp.com\/develi.ch\/wp-content\/uploads\/2022\/06\/wp-16563565059683087373224045591772-150x150.jpg?resize=350%2C200&ssl=1 1x, https:\/\/i0.wp.com\/develi.ch\/wp-content\/uploads\/2022\/06\/wp-16563565059683087373224045591772-150x150.jpg?resize=525%2C300&ssl=1 1.5x, https:\/\/i0.wp.com\/develi.ch\/wp-content\/uploads\/2022\/06\/wp-16563565059683087373224045591772-150x150.jpg?resize=700%2C400&ssl=1 2x, https:\/\/i0.wp.com\/develi.ch\/wp-content\/uploads\/2022\/06\/wp-16563565059683087373224045591772-150x150.jpg?resize=1050%2C600&ssl=1 3x, https:\/\/i0.wp.com\/develi.ch\/wp-content\/uploads\/2022\/06\/wp-16563565059683087373224045591772-150x150.jpg?resize=1400%2C800&ssl=1 4x"},"classes":[]},{"id":5688,"url":"https:\/\/develi.ch\/?p=5688","url_meta":{"origin":5018,"position":5},"title":"Greenfield 2017 &#8211; Bericht","author":"ivi","date":"25. Juni 2017","format":false,"excerpt":"Schon das Erhalten der Tickets war in diesem Jahr ein Abenteuer f\u00fcr sich, hat doch jemand unsere Freikarten verschenkt. Da gabs doch den einen oder anderen Augenblick, kurz vor dem Festival, als es mal kurz eng wurde =) Aber unser Lieblingsgummihals, der Peer, hat alles geregelt und unser Greenfield Budget\u2026","rel":"","context":"In &quot;In der K\u00fcche&quot;","block_context":{"text":"In der K\u00fcche","link":"https:\/\/develi.ch\/?cat=8"},"img":{"alt_text":"","src":"https:\/\/i0.wp.com\/develi.ch\/wp-content\/uploads\/2017\/06\/IMG-20170613-WA0002-150x150.jpg?resize=350%2C200&ssl=1","width":350,"height":200,"srcset":"https:\/\/i0.wp.com\/develi.ch\/wp-content\/uploads\/2017\/06\/IMG-20170613-WA0002-150x150.jpg?resize=350%2C200&ssl=1 1x, https:\/\/i0.wp.com\/develi.ch\/wp-content\/uploads\/2017\/06\/IMG-20170613-WA0002-150x150.jpg?resize=525%2C300&ssl=1 1.5x"},"classes":[]}],"_links":{"self":[{"href":"https:\/\/develi.ch\/index.php?rest_route=\/wp\/v2\/posts\/5018","targetHints":{"allow":["GET"]}}],"collection":[{"href":"https:\/\/develi.ch\/index.php?rest_route=\/wp\/v2\/posts"}],"about":[{"href":"https:\/\/develi.ch\/index.php?rest_route=\/wp\/v2\/types\/post"}],"author":[{"embeddable":true,"href":"https:\/\/develi.ch\/index.php?rest_route=\/wp\/v2\/users\/1"}],"replies":[{"embeddable":true,"href":"https:\/\/develi.ch\/index.php?rest_route=%2Fwp%2Fv2%2Fcomments&post=5018"}],"version-history":[{"count":3,"href":"https:\/\/develi.ch\/index.php?rest_route=\/wp\/v2\/posts\/5018\/revisions"}],"predecessor-version":[{"id":5022,"href":"https:\/\/develi.ch\/index.php?rest_route=\/wp\/v2\/posts\/5018\/revisions\/5022"}],"wp:attachment":[{"href":"https:\/\/develi.ch\/index.php?rest_route=%2Fwp%2Fv2%2Fmedia&parent=5018"}],"wp:term":[{"taxonomy":"category","embeddable":true,"href":"https:\/\/develi.ch\/index.php?rest_route=%2Fwp%2Fv2%2Fcategories&post=5018"},{"taxonomy":"post_tag","embeddable":true,"href":"https:\/\/develi.ch\/index.php?rest_route=%2Fwp%2Fv2%2Ftags&post=5018"}],"curies":[{"name":"wp","href":"https:\/\/api.w.org\/{rel}","templated":true}]}}