{"id":3507,"date":"2015-04-08T06:25:40","date_gmt":"2015-04-08T04:25:40","guid":{"rendered":"https:\/\/develi.ch\/z\/?p=3507"},"modified":"2015-04-08T06:25:40","modified_gmt":"2015-04-08T04:25:40","slug":"tulpen-viel-oder-wenig-wasser","status":"publish","type":"post","link":"https:\/\/develi.ch\/?p=3507","title":{"rendered":"Tulpen &#8211; Viel oder wenig Wasser?"},"content":{"rendered":"<p>Ich bin ja nicht so der Schnittblumenmensch, sondern eher der Topfpflanzen-Liebhaber, da diese l\u00e4nger leben d\u00fcrfen.<\/p>\n<p>Trotzdem mag ich nat\u00fcrlich ab und an ein oder zwei Rosen oder einen sch\u00f6nen Strauss.<\/p>\n<p>Letzte Woche durfte ich nach einem leckeren Apero die Dekoblumen behalten. Dienstag Abend ganz, ganz wenig Wasser gegeben und Donnerstag sagen die Bl\u00fcmelein dann so aus:<\/p>\n<div id='gallery-1' class='gallery galleryid-3507 gallery-columns-3 gallery-size-thumbnail'><figure class='gallery-item'>\n\t\t\t<div class='gallery-icon landscape'>\n\t\t\t\t<a href='https:\/\/develi.ch\/?attachment_id=3501'><img loading=\"lazy\" decoding=\"async\" width=\"150\" height=\"150\" src=\"https:\/\/develi.ch\/wp-content\/uploads\/2015\/04\/wpid-dsc_2098-150x150.jpg\" class=\"attachment-thumbnail size-thumbnail\" alt=\"\" \/><\/a>\n\t\t\t<\/div><\/figure><figure class='gallery-item'>\n\t\t\t<div class='gallery-icon landscape'>\n\t\t\t\t<a href='https:\/\/develi.ch\/?attachment_id=3502'><img loading=\"lazy\" decoding=\"async\" width=\"150\" height=\"150\" src=\"https:\/\/develi.ch\/wp-content\/uploads\/2015\/04\/wpid-dsc_2099-150x150.jpg\" class=\"attachment-thumbnail size-thumbnail\" alt=\"\" \/><\/a>\n\t\t\t<\/div><\/figure>\n\t\t<\/div>\n\n<p>Kommen innerhalb von 5min zwei Arbeitskollegen rein und fragen mich, ob ich zu viel Wasser gegeben h\u00e4tte.<\/p>\n<p>Jetz mal ehrlich, warum sollten Blumen h\u00e4ngen, wenn sie zu viel Wasser haben?<\/p>\n<p>Da die Vase leer war, hab ich nat\u00fcrlich mal ein bisschen aufgef\u00fcllt, da die armen dinger echtdurstig waren.<\/p>\n<p>Am Abend (war ja Gr\u00fcndonnerstag) hab ich den Strauss nach Hause mitgenommen, jede Blume frisch angeschnitten und wieder brav Wasser gegeben.<\/p>\n<p>Das Ergebnis:<\/p>\n<p><a href=\"https:\/\/develi.ch\/wp-content\/uploads\/2015\/04\/wpid-dsc_2102.jpg\"><img loading=\"lazy\" decoding=\"async\" class=\"alignnone size-full wp-image-3505\" src=\"https:\/\/develi.ch\/wp-content\/uploads\/2015\/04\/wpid-dsc_2102.jpg\" alt=\"wpid-dsc_2102.jpg\" width=\"3840\" height=\"2160\" srcset=\"https:\/\/develi.ch\/wp-content\/uploads\/2015\/04\/wpid-dsc_2102.jpg 1024w, https:\/\/develi.ch\/wp-content\/uploads\/2015\/04\/wpid-dsc_2102-300x169.jpg 300w\" sizes=\"auto, (max-width: 3840px) 100vw, 3840px\" \/><\/a><\/p>\n<p>Mir ist bewusst, das manche Blumen leiber frisches wasser haben und eher faul werden wenn das Wasser &#8222;alt&#8220; ist.<\/p>\n<p>Aber von zu viel Wasser werden die Blumen einfach &#8222;ihhhh&#8220; und nicht schlapp. Oder schon?<\/p>\n<p>Ich hatte auf jeden Fall noch das ganze Wochenende Freude an den Blumen.\u00a0 Wasser hin oder her =)<\/p>\n","protected":false},"excerpt":{"rendered":"<p>Ich bin ja nicht so der Schnittblumenmensch, sondern eher der Topfpflanzen-Liebhaber, da diese l\u00e4nger leben d\u00fcrfen. Trotzdem mag ich nat\u00fcrlich ab und an ein oder zwei Rosen oder einen sch\u00f6nen Strauss. Letzte Woche durfte ich nach einem leckeren Apero die Dekoblumen behalten. Dienstag Abend ganz, ganz wenig Wasser gegeben und Donnerstag sagen die Bl\u00fcmelein dann &#8230; <a title=\"Tulpen &#8211; Viel oder wenig Wasser?\" class=\"read-more\" href=\"https:\/\/develi.ch\/?p=3507\">Read more<span class=\"screen-reader-text\">Tulpen &#8211; Viel oder wenig Wasser?<\/span><\/a><\/p>\n","protected":false},"author":1,"featured_media":0,"comment_status":"open","ping_status":"closed","sticky":false,"template":"","format":"standard","meta":{"jetpack_post_was_ever_published":false,"_jetpack_newsletter_access":"","_jetpack_dont_email_post_to_subs":false,"_jetpack_newsletter_tier_id":0,"_jetpack_memberships_contains_paywalled_content":false,"_jetpack_memberships_contains_paid_content":false,"footnotes":"","jetpack_publicize_message":"","jetpack_publicize_feature_enabled":true,"jetpack_social_post_already_shared":true,"jetpack_social_options":{"image_generator_settings":{"template":"highway","default_image_id":0,"font":"","enabled":false},"version":2}},"categories":[1019],"tags":[86,615,636,642,648],"class_list":["post-3507","post","type-post","status-publish","format-standard","hentry","category-ivis-world","tag-blumen","tag-tulpen","tag-viel","tag-wasser","tag-wenig"],"jetpack_publicize_connections":[],"jetpack_featured_media_url":"","jetpack_sharing_enabled":true,"jetpack_shortlink":"https:\/\/wp.me\/p674Fw-Uz","jetpack_likes_enabled":true,"jetpack-related-posts":[{"id":38,"url":"https:\/\/develi.ch\/?p=38","url_meta":{"origin":3507,"position":0},"title":"&#8222;Love and other Drugs&#8220;","author":"ivi","date":"11. Januar 2011","format":false,"excerpt":"Wie geil ist das denn? Post von Radio Top, ich habe zwei Tickets f\u00fcrs Kino gewonnen, irgend sone Schnulze. Also ganz bestimmt kein Film f\u00fcr mein Mister. Nur.. hm... was f\u00fcr M\u00e4dels kenn ich den hier, mit denen ich gerne nen Schnulzefilm gucken m\u00f6chte? Ui.... die Auswahl ist nicht wirklich\u2026","rel":"","context":"In &quot;ivis world&quot;","block_context":{"text":"ivis world","link":"https:\/\/develi.ch\/?cat=1019"},"img":{"alt_text":"","src":"","width":0,"height":0},"classes":[]},{"id":881,"url":"https:\/\/develi.ch\/?p=881","url_meta":{"origin":3507,"position":1},"title":"Ferien Ende und der Schwarze Ball&#8230;","author":"ivi","date":"3. Oktober 2011","format":false,"excerpt":"Doppel Juchu... Samstag gabs mal wider Ausgang! Und es war der 1. Oktober, ergo, ich hab nen neuen Job und arbeite nun in einer komplett neuen Branche.. (Was nat\u00fcrlich erst heute wirklich zur geltung kam...) Die Party inkl den konzerten waren einfach nur der Hammer!!! Zuerst Diary of Dreams, welche\u2026","rel":"","context":"In &quot;Sound \/ Dance \/ Party&quot;","block_context":{"text":"Sound \/ Dance \/ Party","link":"https:\/\/develi.ch\/?cat=11"},"img":{"alt_text":"","src":"https:\/\/i0.wp.com\/img.youtube.com\/vi\/g5fRVi6HFGI\/0.jpg?resize=350%2C200","width":350,"height":200},"classes":[]},{"id":490,"url":"https:\/\/develi.ch\/?p=490","url_meta":{"origin":3507,"position":2},"title":"Die Tage danach&#8230; ( II ) \u2013 Der Stress","author":"ivi","date":"27. April 2010","format":false,"excerpt":"Nach dem ganzen Theater mit Wohnung nicht fertig und Umzugswagen, war ich der Meinung, das nach dem Umzugstag der Stress allm\u00e4hlich\u00a0nachlassen wird. Am Umzugstag selber lief alles wie geschmirt. Wir waren auch \u00fcberrascht, das die Handwerker es tats\u00e4chlich geschaft hatten, die komplette Wohnung zu streichen und die B\u00f6den in den\u2026","rel":"","context":"In &quot;ivis world&quot;","block_context":{"text":"ivis world","link":"https:\/\/develi.ch\/?cat=1019"},"img":{"alt_text":"","src":"","width":0,"height":0},"classes":[]},{"id":2131,"url":"https:\/\/develi.ch\/?p=2131","url_meta":{"origin":3507,"position":3},"title":"Ich mag Pakete..","author":"ivi","date":"27. Oktober 2013","format":false,"excerpt":"Vor ca zwei Wochen hab ich auf meiner Wettbewerbs Mail Adresse folgende Nachricht erhalten: Einfach Wasser \u2013 einfach Leben Sehr geehrter Frau XXXX Herzlichen Gl\u00fcckwunsch zum 2. Preis im Wettbewerb zum 10-j\u00e4hrigen Jubil\u00e4um des World Humanitarian Day, welcher die Humanit\u00e4re Hilfe des Bundes in der Zeitung 20 Minuten durchf\u00fchrte. Das\u2026","rel":"","context":"In &quot;ivis world&quot;","block_context":{"text":"ivis world","link":"https:\/\/develi.ch\/?cat=1019"},"img":{"alt_text":"","src":"","width":0,"height":0},"classes":[]},{"id":3441,"url":"https:\/\/develi.ch\/?p=3441","url_meta":{"origin":3507,"position":4},"title":"Ein anderer Geburtstagswunsch\u2026","author":"ivi","date":"20. August 2014","format":false,"excerpt":"Jedes Jahr im September hab ich Geburtstag. (Echt supi, nee?) Und jedes Jahr, im Juli\/August fang ich an, mir Gedanken zu machen, wie ich diesen feiern m\u00f6chte. Ein typischer Geburtstag f\u00e4ngt bei mir schon mitten in der Nacht an. Ich gehe um drei aufs Klo und bekomme die ersten Gratulationen\u2026","rel":"","context":"In &quot;ivis world&quot;","block_context":{"text":"ivis world","link":"https:\/\/develi.ch\/?cat=1019"},"img":{"alt_text":"","src":"","width":0,"height":0},"classes":[]},{"id":5842,"url":"https:\/\/develi.ch\/?p=5842","url_meta":{"origin":3507,"position":5},"title":"Gebastel: Kinder-L\u00e4tzchen","author":"ivi","date":"27. August 2017","format":false,"excerpt":"Kr\u00fcmel f\u00e4ngt an richtig zu essen. Und das macht Spass, aber auch Flecken =) Als ich letzten Monat beim Grosi war, hatte sie einen alten Frotte- Esslatz von uns aus dem Estrich gekramt und da wurde mir bewusst, das ich nur sehr grosse und sehr plastifizierte \"L\u00e4tzchen\" zu Hause rumliegen\u2026","rel":"","context":"In &quot;Gebastel&quot;","block_context":{"text":"Gebastel","link":"https:\/\/develi.ch\/?cat=1029"},"img":{"alt_text":"","src":"https:\/\/i0.wp.com\/develi.ch\/wp-content\/uploads\/2017\/08\/wp-image-379221164-150x150.jpg?resize=350%2C200&ssl=1","width":350,"height":200,"srcset":"https:\/\/i0.wp.com\/develi.ch\/wp-content\/uploads\/2017\/08\/wp-image-379221164-150x150.jpg?resize=350%2C200&ssl=1 1x, https:\/\/i0.wp.com\/develi.ch\/wp-content\/uploads\/2017\/08\/wp-image-379221164-150x150.jpg?resize=525%2C300&ssl=1 1.5x, https:\/\/i0.wp.com\/develi.ch\/wp-content\/uploads\/2017\/08\/wp-image-379221164-150x150.jpg?resize=700%2C400&ssl=1 2x"},"classes":[]}],"_links":{"self":[{"href":"https:\/\/develi.ch\/index.php?rest_route=\/wp\/v2\/posts\/3507","targetHints":{"allow":["GET"]}}],"collection":[{"href":"https:\/\/develi.ch\/index.php?rest_route=\/wp\/v2\/posts"}],"about":[{"href":"https:\/\/develi.ch\/index.php?rest_route=\/wp\/v2\/types\/post"}],"author":[{"embeddable":true,"href":"https:\/\/develi.ch\/index.php?rest_route=\/wp\/v2\/users\/1"}],"replies":[{"embeddable":true,"href":"https:\/\/develi.ch\/index.php?rest_route=%2Fwp%2Fv2%2Fcomments&post=3507"}],"version-history":[{"count":0,"href":"https:\/\/develi.ch\/index.php?rest_route=\/wp\/v2\/posts\/3507\/revisions"}],"wp:attachment":[{"href":"https:\/\/develi.ch\/index.php?rest_route=%2Fwp%2Fv2%2Fmedia&parent=3507"}],"wp:term":[{"taxonomy":"category","embeddable":true,"href":"https:\/\/develi.ch\/index.php?rest_route=%2Fwp%2Fv2%2Fcategories&post=3507"},{"taxonomy":"post_tag","embeddable":true,"href":"https:\/\/develi.ch\/index.php?rest_route=%2Fwp%2Fv2%2Ftags&post=3507"}],"curies":[{"name":"wp","href":"https:\/\/api.w.org\/{rel}","templated":true}]}}