{"id":3425,"date":"2014-07-29T19:43:26","date_gmt":"2014-07-29T17:43:26","guid":{"rendered":"https:\/\/develi.ch\/z\/?p=3425"},"modified":"2014-07-29T19:43:26","modified_gmt":"2014-07-29T17:43:26","slug":"samstag-morgens-in-winterthur","status":"publish","type":"post","link":"https:\/\/develi.ch\/?p=3425","title":{"rendered":"Samstag Morgens in Winterthur"},"content":{"rendered":"<p>Was gibt es gem\u00fctlichers als Samstag Morgen in Winterthur auf einer Bank zu sitzen, und ein Br\u00f6tchen mit Saft zu verdr\u00fccken?<\/p>\n<p><a href=\"https:\/\/develi.ch\/wp-content\/uploads\/2014\/07\/wpid-dsc_0426.jpg\"><img decoding=\"async\" class=\"alignnone size-full\" title=\"DSC_0426.JPG\" src=\"https:\/\/develi.ch\/wp-content\/uploads\/2014\/07\/wpid-dsc_0426.jpg\" alt=\"image\" \/><\/a><\/p>\n<p>Um kurz vor 9:00 sind noch seeeehr wenig Leute unterwegs und man hat die Stadt f\u00fcr sich alleine.<\/p>\n<p><a href=\"https:\/\/develi.ch\/wp-content\/uploads\/2014\/07\/wpid-dsc_0425.jpg\"><img decoding=\"async\" class=\"alignnone size-full\" title=\"DSC_0425.JPG\" src=\"https:\/\/develi.ch\/wp-content\/uploads\/2014\/07\/wpid-dsc_0425.jpg\" alt=\"image\" \/><\/a><\/p>\n<p>Ausser der Typ aus dem gelben Gem\u00fcse\/Fr\u00fcchte Lieferwagen will unbedingt Small Talk machen.<\/p>\n<p>&#8222;Hast du Hunger?&#8220; &#8211; &#8222;Nein, danke, ich hab gerade ein Br\u00f6tchen gegessen&#8230;.&#8220; &#8211; &#8222;Nein, Telefonnummer&#8230;..&#8220; =)<\/p>\n<p>Ach sorry, an solchen Sachen bin ich so gaaaaar nicht interessiert. =)<\/p>\n<p><a href=\"https:\/\/develi.ch\/wp-content\/uploads\/2014\/07\/wpid-dsc_0424.jpg\"><img decoding=\"async\" class=\"alignnone size-full\" title=\"DSC_0424.JPG\" src=\"https:\/\/develi.ch\/wp-content\/uploads\/2014\/07\/wpid-dsc_0424.jpg\" alt=\"image\" \/><\/a><\/p>\n<p>Njam&#8230; Lecker, Fr\u00fchst\u00fcck auf der &#8222;Park&#8220;-Bank =D<\/p>\n<p><img decoding=\"async\" class=\"alignnone size-full\" title=\"DSC_0423.JPG\" src=\"https:\/\/develi.ch\/wp-content\/uploads\/2014\/07\/wpid-dsc_0423.jpg\" alt=\"image\" \/><\/p>\n<p>Danach kurz zum Fris\u00f6r, Haare mal wieder schneiden lassen (&#8222;Es w\u00e4re gut, wenn sie mindestens alle 3-4 Monate ihre Haare schneiden lassen w\u00fcrden&#8220;) ((Klar, ist ja nicht so, das ich vorher 1.5 Jahre (!!) nicht mehr beim Fris\u00f6r war.))<\/p>\n<p>Dann einen kurzen Abstecher in den Orell F\u00fcessli (man, wie kann man schon nur die Idee haben, das dieses Gesch\u00e4ft geschlossen werden soll???) und schwupps eine Ladung B\u00fccher gekauft (die brauch ich alle! wirklich&#8230;.. Ok, dieses Mal sind es vor allem Franz\u00f6sisch-Auffrisch B\u00fccher)<\/p>\n<p>Und nach dem anstrengenden B\u00fccherkauf und Coiffeurtermin, gleich direkt zum\u00a0 zweiten Fr\u00fchst\u00fcck ins Teekult, mit frischen Scoones und ner Chai-Latte.<\/p>\n<p><a href=\"https:\/\/develi.ch\/wp-content\/uploads\/2014\/08\/wpid-dsc_0296.jpg\"><img loading=\"lazy\" decoding=\"async\" class=\"alignnone size-full wp-image-3432\" src=\"https:\/\/develi.ch\/wp-content\/uploads\/2014\/08\/wpid-dsc_0296.jpg\" alt=\"wpid-dsc_0296.jpg\" width=\"3840\" height=\"2160\" srcset=\"https:\/\/develi.ch\/wp-content\/uploads\/2014\/08\/wpid-dsc_0296.jpg 1024w, https:\/\/develi.ch\/wp-content\/uploads\/2014\/08\/wpid-dsc_0296-300x169.jpg 300w\" sizes=\"auto, (max-width: 3840px) 100vw, 3840px\" \/><\/a><\/p>\n<p>Hier kann man in aller Ruhe die neuen B\u00fccher durchbl\u00e4ttern und seinen Tee geniessen.<\/p>\n<p><strong>Winterthur ist toll!<\/strong><\/p>\n","protected":false},"excerpt":{"rendered":"<p>Was gibt es gem\u00fctlichers als Samstag Morgen in Winterthur auf einer Bank zu sitzen, und ein Br\u00f6tchen mit Saft zu verdr\u00fccken? Um kurz vor 9:00 sind noch seeeehr wenig Leute unterwegs und man hat die Stadt f\u00fcr sich alleine. Ausser der Typ aus dem gelben Gem\u00fcse\/Fr\u00fcchte Lieferwagen will unbedingt Small Talk machen. &#8222;Hast du Hunger?&#8220; &#8230; <a title=\"Samstag Morgens in Winterthur\" class=\"read-more\" href=\"https:\/\/develi.ch\/?p=3425\">Read more<span class=\"screen-reader-text\">Samstag Morgens in Winterthur<\/span><\/a><\/p>\n","protected":false},"author":1,"featured_media":0,"comment_status":"open","ping_status":"closed","sticky":false,"template":"","format":"standard","meta":{"jetpack_post_was_ever_published":false,"_jetpack_newsletter_access":"","_jetpack_dont_email_post_to_subs":false,"_jetpack_newsletter_tier_id":0,"_jetpack_memberships_contains_paywalled_content":false,"_jetpack_memberships_contains_paid_content":false,"footnotes":"","jetpack_publicize_message":"","jetpack_publicize_feature_enabled":true,"jetpack_social_post_already_shared":true,"jetpack_social_options":{"image_generator_settings":{"template":"highway","default_image_id":0,"font":"","enabled":false},"version":2}},"categories":[8,12],"tags":[96,208,237,587,657],"class_list":["post-3425","post","type-post","status-publish","format-standard","hentry","category-in-der-kuche","category-winti","tag-broetchen","tag-fruehstueck","tag-graben","tag-teekult","tag-winterthur"],"jetpack_publicize_connections":[],"jetpack_featured_media_url":"","jetpack_sharing_enabled":true,"jetpack_shortlink":"https:\/\/wp.me\/p674Fw-Tf","jetpack_likes_enabled":true,"jetpack-related-posts":[{"id":3897,"url":"https:\/\/develi.ch\/?p=3897","url_meta":{"origin":3425,"position":0},"title":"Radfahren in Winterthur","author":"ivi","date":"8. Mai 2015","format":false,"excerpt":"Freitag, 17:00 Ich gucke aus dem Fenster von meinem B\u00fcro und \u00fcberlege mir, ob es wohl wie geplant Hotdogs zum Abendessen geben wird, oder ob wir ohne Brot mal wieder improvisieren m\u00fcssen. Gleichzeitig studiere ich das Wetter und rechne die Chancen f\u00fcr mich aus, noch vor dem Regen nach Hause\u2026","rel":"","context":"In &quot;Winterthur&quot;","block_context":{"text":"Winterthur","link":"https:\/\/develi.ch\/?cat=12"},"img":{"alt_text":"","src":"","width":0,"height":0},"classes":[]},{"id":4217,"url":"https:\/\/develi.ch\/?p=4217","url_meta":{"origin":3425,"position":1},"title":"Albanifest in Winterthur","author":"ivi","date":"28. Juni 2015","format":false,"excerpt":"Ich bin kein Freund des Albanifestes in Winterthur, einfach weil mir Stadtfeste immer als Entschuldigung f\u00fcr jeden erscheinen, sich sinnlos zu besaufen. Klar, das ist ein fieses Vorurteil. Ich mag auch keine grossen Menschenmengen, (ich f\u00e4nde auch die Streetparade sehr viel toller mit weniger Menschen, daf\u00fcr wieder mehr Lala-Trance... Das\u2026","rel":"","context":"In &quot;Winterthur&quot;","block_context":{"text":"Winterthur","link":"https:\/\/develi.ch\/?cat=12"},"img":{"alt_text":"Minnie Maus Lampe","src":"https:\/\/i0.wp.com\/develi.ch\/wp-content\/uploads\/2015\/06\/wpid-dsc_2271-e1435521889491-169x300.jpg?resize=350%2C200&ssl=1","width":350,"height":200},"classes":[]},{"id":5337,"url":"https:\/\/develi.ch\/?p=5337","url_meta":{"origin":3425,"position":2},"title":"Tofulino &#8211; Eine Oase der Entspannung","author":"ivi","date":"28. April 2017","format":false,"excerpt":"In der heutigen, stressigen Zeit, ist man um jede Idee zum Entschleunigen froh. Hier also DER Geheimtipp um in Winterthur einfach mal etwas Ruhe zu tanken: Besucht das Tofulino am Holderplatz 3 in Winterthur. Dort gibt es nicht nur leckere Mittagsmen\u00fcs unter der Woche oder feine andere Snacks oder Desserts,\u2026","rel":"","context":"In &quot;In der K\u00fcche&quot;","block_context":{"text":"In der K\u00fcche","link":"https:\/\/develi.ch\/?cat=8"},"img":{"alt_text":"","src":"https:\/\/i0.wp.com\/develi.ch\/wp-content\/uploads\/2017\/04\/DSC_3390-1024x576.jpg?resize=350%2C200&ssl=1","width":350,"height":200},"classes":[]},{"id":454,"url":"https:\/\/develi.ch\/?p=454","url_meta":{"origin":3425,"position":3},"title":"Schloss W\u00fclflingen &#8211; Edel Essen in Winterthur","author":"ivi","date":"1. August 2011","format":false,"excerpt":"Samstag Abend... Was gibt es zum Abendessen? Loge? Tres Amigos? Goldenberg? Oder ev ganz was neues? Jut, Doktor Google befragt und den Roten Turm gestrichen, da Samstags hier kein Essen serviert wird. Weitersuchen.... Hmmm, Schloss W\u00fclflingen sieht angenehm aus.. N bisschen edel, aber trotzdem anschaubar... Also gleich mal nen Tisch\u2026","rel":"","context":"In &quot;Winterthur&quot;","block_context":{"text":"Winterthur","link":"https:\/\/develi.ch\/?cat=12"},"img":{"alt_text":"","src":"https:\/\/i0.wp.com\/www.schloss-wuelflingen.ch\/bilder\/sw\/sw_intro_04.jpg?resize=350%2C200","width":350,"height":200},"classes":[]},{"id":1519,"url":"https:\/\/develi.ch\/?p=1519","url_meta":{"origin":3425,"position":4},"title":"Nia &#8211; Joy of Movement","author":"ivi","date":"20. August 2012","format":false,"excerpt":"Jungs und M\u00e4dels aufgepasst: Habt ihr schon mal etwas von Nia geh\u00f6rt? Nein? Na, dann seit ihr hier genau richtig! Heute ist der Tag, an dem Ihr das nun kennen lernt =D Denn Nia ist ein Mix aus Tanz, Kampfkunst und K\u00f6rperwahrnehmung, welcher aufeinander abgestimmt und mit inspirierender Musik verbunden\u2026","rel":"","context":"In &quot;Sound \/ Dance \/ Party&quot;","block_context":{"text":"Sound \/ Dance \/ Party","link":"https:\/\/develi.ch\/?cat=11"},"img":{"alt_text":"","src":"https:\/\/i0.wp.com\/develi.ch\/wordpress\/wp-content\/uploads\/2012\/08\/content_home_780x550.jpg?resize=350%2C200&ssl=1","width":350,"height":200,"srcset":"https:\/\/i0.wp.com\/develi.ch\/wordpress\/wp-content\/uploads\/2012\/08\/content_home_780x550.jpg?resize=350%2C200&ssl=1 1x, https:\/\/i0.wp.com\/develi.ch\/wordpress\/wp-content\/uploads\/2012\/08\/content_home_780x550.jpg?resize=525%2C300&ssl=1 1.5x, https:\/\/i0.wp.com\/develi.ch\/wordpress\/wp-content\/uploads\/2012\/08\/content_home_780x550.jpg?resize=700%2C400&ssl=1 2x"},"classes":[]},{"id":4587,"url":"https:\/\/develi.ch\/?p=4587","url_meta":{"origin":3425,"position":5},"title":"S\u00fcss &#038; Vegan in Winterthur","author":"ivi","date":"20. April 2016","format":false,"excerpt":"Mit diesem Aufruf hat der Tante Emma Laden S\u00fcss & Vegan aus Winterthur auf 100 Days einen Hilfeschrei abgesetzt: !Baustelle! S\u00fcss und Vegan - Konditorei & Tante Emma Laden - \u00a0Wir sind ein gem\u00fctlicher Quartierladen hinter dem Hauptbahnhof Winterthur & brauchen eure Hilfe. \u00a0Seit Februar haben wir eine Baustelle vor\u2026","rel":"","context":"In &quot;In der K\u00fcche&quot;","block_context":{"text":"In der K\u00fcche","link":"https:\/\/develi.ch\/?cat=8"},"img":{"alt_text":"","src":"https:\/\/i0.wp.com\/www.s\u00fcssundvegan.com\/images\/maria-logo1-large.jpg?resize=350%2C200","width":350,"height":200},"classes":[]}],"_links":{"self":[{"href":"https:\/\/develi.ch\/index.php?rest_route=\/wp\/v2\/posts\/3425","targetHints":{"allow":["GET"]}}],"collection":[{"href":"https:\/\/develi.ch\/index.php?rest_route=\/wp\/v2\/posts"}],"about":[{"href":"https:\/\/develi.ch\/index.php?rest_route=\/wp\/v2\/types\/post"}],"author":[{"embeddable":true,"href":"https:\/\/develi.ch\/index.php?rest_route=\/wp\/v2\/users\/1"}],"replies":[{"embeddable":true,"href":"https:\/\/develi.ch\/index.php?rest_route=%2Fwp%2Fv2%2Fcomments&post=3425"}],"version-history":[{"count":0,"href":"https:\/\/develi.ch\/index.php?rest_route=\/wp\/v2\/posts\/3425\/revisions"}],"wp:attachment":[{"href":"https:\/\/develi.ch\/index.php?rest_route=%2Fwp%2Fv2%2Fmedia&parent=3425"}],"wp:term":[{"taxonomy":"category","embeddable":true,"href":"https:\/\/develi.ch\/index.php?rest_route=%2Fwp%2Fv2%2Fcategories&post=3425"},{"taxonomy":"post_tag","embeddable":true,"href":"https:\/\/develi.ch\/index.php?rest_route=%2Fwp%2Fv2%2Ftags&post=3425"}],"curies":[{"name":"wp","href":"https:\/\/api.w.org\/{rel}","templated":true}]}}