{"id":3418,"date":"2014-07-28T18:37:30","date_gmt":"2014-07-28T16:37:30","guid":{"rendered":"https:\/\/develi.ch\/z\/?p=3418"},"modified":"2014-07-28T18:37:30","modified_gmt":"2014-07-28T16:37:30","slug":"hochwasser-toess","status":"publish","type":"post","link":"https:\/\/develi.ch\/?p=3418","title":{"rendered":"Hochwasser T\u00f6ss"},"content":{"rendered":"<p>Auch in der T\u00f6ss hatten wir ein bisschen mehr Wasser letzte Woche, als normalerweise fliessen w\u00fcrde.<\/p>\n<p>Zum Vergleich, normale T\u00f6ss (mit Spazierweg und Ufer):<\/p>\n<p><a href=\"https:\/\/develi.ch\/wp-content\/uploads\/2014\/07\/wpid-dsc_0432.jpg\"><img decoding=\"async\" class=\"alignnone size-full\" title=\"DSC_0432.JPG\" src=\"https:\/\/develi.ch\/wp-content\/uploads\/2014\/07\/wpid-dsc_0432.jpg\" alt=\"image\" \/><\/a><\/p>\n<p>\u00dcberflutete T\u00f6ss, ohne Ufer und Spazierwege:<\/p>\n<p><a href=\"https:\/\/develi.ch\/wp-content\/uploads\/2014\/07\/wpid-dsc_0430.jpg\"><img decoding=\"async\" class=\"alignnone size-full\" title=\"DSC_0430.JPG\" src=\"https:\/\/develi.ch\/wp-content\/uploads\/2014\/07\/wpid-dsc_0430.jpg\" alt=\"image\" \/><\/a><\/p>\n<p>Wasser in rauen Mengen kann schon be\u00e4ngstigend sein.<\/p>\n","protected":false},"excerpt":{"rendered":"<p>Auch in der T\u00f6ss hatten wir ein bisschen mehr Wasser letzte Woche, als normalerweise fliessen w\u00fcrde. Zum Vergleich, normale T\u00f6ss (mit Spazierweg und Ufer): \u00dcberflutete T\u00f6ss, ohne Ufer und Spazierwege: Wasser in rauen Mengen kann schon be\u00e4ngstigend sein.<\/p>\n","protected":false},"author":1,"featured_media":0,"comment_status":"open","ping_status":"closed","sticky":false,"template":"","format":"standard","meta":{"jetpack_post_was_ever_published":false,"_jetpack_newsletter_access":"","_jetpack_dont_email_post_to_subs":false,"_jetpack_newsletter_tier_id":0,"_jetpack_memberships_contains_paywalled_content":false,"_jetpack_memberships_contains_paid_content":false,"footnotes":"","jetpack_publicize_message":"","jetpack_publicize_feature_enabled":true,"jetpack_social_post_already_shared":true,"jetpack_social_options":{"image_generator_settings":{"template":"highway","default_image_id":0,"font":"","enabled":false},"version":2}},"categories":[1019],"tags":[226,271,550,606,637,642,657],"class_list":["post-3418","post","type-post","status-publish","format-standard","hentry","category-ivis-world","tag-gesperrt","tag-hochwasser","tag-spazierweg","tag-toess","tag-viel-wasser","tag-wasser","tag-winterthur"],"jetpack_publicize_connections":[],"jetpack_featured_media_url":"","jetpack_sharing_enabled":true,"jetpack_shortlink":"https:\/\/wp.me\/p674Fw-T8","jetpack_likes_enabled":true,"jetpack-related-posts":[{"id":3507,"url":"https:\/\/develi.ch\/?p=3507","url_meta":{"origin":3418,"position":0},"title":"Tulpen &#8211; Viel oder wenig Wasser?","author":"ivi","date":"8. April 2015","format":false,"excerpt":"Ich bin ja nicht so der Schnittblumenmensch, sondern eher der Topfpflanzen-Liebhaber, da diese l\u00e4nger leben d\u00fcrfen. Trotzdem mag ich nat\u00fcrlich ab und an ein oder zwei Rosen oder einen sch\u00f6nen Strauss. Letzte Woche durfte ich nach einem leckeren Apero die Dekoblumen behalten. Dienstag Abend ganz, ganz wenig Wasser gegeben und\u2026","rel":"","context":"In &quot;ivis world&quot;","block_context":{"text":"ivis world","link":"https:\/\/develi.ch\/?cat=1019"},"img":{"alt_text":"","src":"https:\/\/i0.wp.com\/develi.ch\/wp-content\/uploads\/2015\/04\/wpid-dsc_2098-150x150.jpg?resize=350%2C200&ssl=1","width":350,"height":200,"srcset":"https:\/\/i0.wp.com\/develi.ch\/wp-content\/uploads\/2015\/04\/wpid-dsc_2098-150x150.jpg?resize=350%2C200&ssl=1 1x, https:\/\/i0.wp.com\/develi.ch\/wp-content\/uploads\/2015\/04\/wpid-dsc_2098-150x150.jpg?resize=525%2C300&ssl=1 1.5x, https:\/\/i0.wp.com\/develi.ch\/wp-content\/uploads\/2015\/04\/wpid-dsc_2098-150x150.jpg?resize=700%2C400&ssl=1 2x"},"classes":[]},{"id":5329,"url":"https:\/\/develi.ch\/?p=5329","url_meta":{"origin":3418,"position":1},"title":"Abendstimmung&#8230;.","author":"ivi","date":"29. M\u00e4rz 2017","format":false,"excerpt":"Wenn man \u00f6fters mal draussen ist, sieht man solche Bilder:","rel":"","context":"In &quot;ivis world&quot;","block_context":{"text":"ivis world","link":"https:\/\/develi.ch\/?cat=1019"},"img":{"alt_text":"","src":"https:\/\/i0.wp.com\/develi.ch\/wp-content\/uploads\/2017\/04\/dsc_3338-e1492632036489-576x1024.jpg?resize=350%2C200&ssl=1","width":350,"height":200},"classes":[]},{"id":2131,"url":"https:\/\/develi.ch\/?p=2131","url_meta":{"origin":3418,"position":2},"title":"Ich mag Pakete..","author":"ivi","date":"27. Oktober 2013","format":false,"excerpt":"Vor ca zwei Wochen hab ich auf meiner Wettbewerbs Mail Adresse folgende Nachricht erhalten: Einfach Wasser \u2013 einfach Leben Sehr geehrter Frau XXXX Herzlichen Gl\u00fcckwunsch zum 2. Preis im Wettbewerb zum 10-j\u00e4hrigen Jubil\u00e4um des World Humanitarian Day, welcher die Humanit\u00e4re Hilfe des Bundes in der Zeitung 20 Minuten durchf\u00fchrte. Das\u2026","rel":"","context":"In &quot;ivis world&quot;","block_context":{"text":"ivis world","link":"https:\/\/develi.ch\/?cat=1019"},"img":{"alt_text":"","src":"","width":0,"height":0},"classes":[]},{"id":1387,"url":"https:\/\/develi.ch\/?p=1387","url_meta":{"origin":3418,"position":3},"title":"Greenfield &#8211; Das Foto","author":"ivi","date":"21. Juni 2012","format":false,"excerpt":"Bevor ich den Greenfield Bericht fertig hab, muss ich unbedingt dieses Foto alleine\u00a0posten.\u00a0Hier noch mit den Inputs \/ Fragen von mir selber: 1. Was macht Sandy da? 2. Was denkt m\u00fcrggu gerade?\u00a0Naaaaa?? =>\u00a0Br\u00fcste?? (Das war definitiv am Freitag ;)\u00a0 Und \"m\u00fcrggu\" schreib man klein =D ) 3. Bemerkt jemand, das\u2026","rel":"","context":"In &quot;Sound \/ Dance \/ Party&quot;","block_context":{"text":"Sound \/ Dance \/ Party","link":"https:\/\/develi.ch\/?cat=11"},"img":{"alt_text":"","src":"https:\/\/i0.wp.com\/develi.ch\/wordpress\/wp-content\/uploads\/2012\/06\/IMG_1715.jpg?resize=350%2C200&ssl=1","width":350,"height":200,"srcset":"https:\/\/i0.wp.com\/develi.ch\/wordpress\/wp-content\/uploads\/2012\/06\/IMG_1715.jpg?resize=350%2C200&ssl=1 1x, https:\/\/i0.wp.com\/develi.ch\/wordpress\/wp-content\/uploads\/2012\/06\/IMG_1715.jpg?resize=525%2C300&ssl=1 1.5x, https:\/\/i0.wp.com\/develi.ch\/wordpress\/wp-content\/uploads\/2012\/06\/IMG_1715.jpg?resize=700%2C400&ssl=1 2x, https:\/\/i0.wp.com\/develi.ch\/wordpress\/wp-content\/uploads\/2012\/06\/IMG_1715.jpg?resize=1050%2C600&ssl=1 3x, https:\/\/i0.wp.com\/develi.ch\/wordpress\/wp-content\/uploads\/2012\/06\/IMG_1715.jpg?resize=1400%2C800&ssl=1 4x"},"classes":[]},{"id":433,"url":"https:\/\/develi.ch\/?p=433","url_meta":{"origin":3418,"position":4},"title":"PS3 Games: InFamous 2","author":"ivi","date":"27. Juli 2011","format":false,"excerpt":"Ev kann sich der eine oder andere an meinen ersten Gameartikel erinnern: https:\/\/develi.ch\/wordpress\/?p=144 Als ich vor 2Jahren das PS3 Spiel \"InFamous\" gewonnen habe, konnte ich noch nicht wirklich mit dem Joypad einer PS3 umgehen. Und nun, 2Jahre sp\u00e4ter bin ich ne leidenschaftliche Zockerin.. So kanns geh'n. Da Infamous mein erstes\u2026","rel":"","context":"In &quot;B\u00fccher_Filme_Spiele&quot;","block_context":{"text":"B\u00fccher_Filme_Spiele","link":"https:\/\/develi.ch\/?cat=1186"},"img":{"alt_text":"","src":"https:\/\/i0.wp.com\/develi.ch\/wordpress\/wp-content\/uploads\/2011\/07\/infamous-2-hero-special-edition.jpg?resize=350%2C200&ssl=1","width":350,"height":200,"srcset":"https:\/\/i0.wp.com\/develi.ch\/wordpress\/wp-content\/uploads\/2011\/07\/infamous-2-hero-special-edition.jpg?resize=350%2C200&ssl=1 1x, https:\/\/i0.wp.com\/develi.ch\/wordpress\/wp-content\/uploads\/2011\/07\/infamous-2-hero-special-edition.jpg?resize=525%2C300&ssl=1 1.5x"},"classes":[]},{"id":5842,"url":"https:\/\/develi.ch\/?p=5842","url_meta":{"origin":3418,"position":5},"title":"Gebastel: Kinder-L\u00e4tzchen","author":"ivi","date":"27. August 2017","format":false,"excerpt":"Kr\u00fcmel f\u00e4ngt an richtig zu essen. Und das macht Spass, aber auch Flecken =) Als ich letzten Monat beim Grosi war, hatte sie einen alten Frotte- Esslatz von uns aus dem Estrich gekramt und da wurde mir bewusst, das ich nur sehr grosse und sehr plastifizierte \"L\u00e4tzchen\" zu Hause rumliegen\u2026","rel":"","context":"In &quot;Gebastel&quot;","block_context":{"text":"Gebastel","link":"https:\/\/develi.ch\/?cat=1029"},"img":{"alt_text":"","src":"https:\/\/i0.wp.com\/develi.ch\/wp-content\/uploads\/2017\/08\/wp-image-379221164-150x150.jpg?resize=350%2C200&ssl=1","width":350,"height":200,"srcset":"https:\/\/i0.wp.com\/develi.ch\/wp-content\/uploads\/2017\/08\/wp-image-379221164-150x150.jpg?resize=350%2C200&ssl=1 1x, https:\/\/i0.wp.com\/develi.ch\/wp-content\/uploads\/2017\/08\/wp-image-379221164-150x150.jpg?resize=525%2C300&ssl=1 1.5x, https:\/\/i0.wp.com\/develi.ch\/wp-content\/uploads\/2017\/08\/wp-image-379221164-150x150.jpg?resize=700%2C400&ssl=1 2x"},"classes":[]}],"_links":{"self":[{"href":"https:\/\/develi.ch\/index.php?rest_route=\/wp\/v2\/posts\/3418","targetHints":{"allow":["GET"]}}],"collection":[{"href":"https:\/\/develi.ch\/index.php?rest_route=\/wp\/v2\/posts"}],"about":[{"href":"https:\/\/develi.ch\/index.php?rest_route=\/wp\/v2\/types\/post"}],"author":[{"embeddable":true,"href":"https:\/\/develi.ch\/index.php?rest_route=\/wp\/v2\/users\/1"}],"replies":[{"embeddable":true,"href":"https:\/\/develi.ch\/index.php?rest_route=%2Fwp%2Fv2%2Fcomments&post=3418"}],"version-history":[{"count":0,"href":"https:\/\/develi.ch\/index.php?rest_route=\/wp\/v2\/posts\/3418\/revisions"}],"wp:attachment":[{"href":"https:\/\/develi.ch\/index.php?rest_route=%2Fwp%2Fv2%2Fmedia&parent=3418"}],"wp:term":[{"taxonomy":"category","embeddable":true,"href":"https:\/\/develi.ch\/index.php?rest_route=%2Fwp%2Fv2%2Fcategories&post=3418"},{"taxonomy":"post_tag","embeddable":true,"href":"https:\/\/develi.ch\/index.php?rest_route=%2Fwp%2Fv2%2Ftags&post=3418"}],"curies":[{"name":"wp","href":"https:\/\/api.w.org\/{rel}","templated":true}]}}