{"id":324,"date":"2011-07-13T07:28:42","date_gmt":"2011-07-13T06:28:42","guid":{"rendered":"https:\/\/develi.ch\/wordpress\/?p=324"},"modified":"2011-07-13T07:28:42","modified_gmt":"2011-07-13T06:28:42","slug":"bilder-einfugen-test-127","status":"publish","type":"post","link":"https:\/\/develi.ch\/?p=324","title":{"rendered":"Bilder einf\u00fcgen &#8211; Test, der 127&#8230;.."},"content":{"rendered":"<p><a href=\"https:\/\/develi.ch\/wordpress\/wp-content\/uploads\/hummer.jpg\"><img loading=\"lazy\" decoding=\"async\" class=\"alignnone size-thumbnail wp-image-329\" title=\"hummer\" src=\"https:\/\/develi.ch\/wordpress\/wp-content\/uploads\/hummer-150x150.jpg\" alt=\"\" width=\"150\" height=\"150\" \/><\/a><\/p>\n<p>sieht klasse aus, nicht? *g*<\/p>\n<p>nach dem update\u00a0 hab ich nun ein problem, bilder in einen artikel einzuf\u00fcgen. ich hab die bilder zwar in der mediathek und kann diese \u00fcber &#8222;anzeigen&#8220; =&gt; &#8222;bild bearbeiten&#8220; auch angucken. aber das bild im artikel sieht nur aus wie das da oben. =D<\/p>\n<p>jemand ev ne ahnung? =D *g*<\/p>\n<p>daf\u00fcr l\u00e4uft meine ftp verbindung via wordpress nun sauber, was vorher nicht funktioniert hat. updates k\u00f6nnen also doch n\u00fctzlich sein \ud83d\ude09 nur f\u00fcr bilder blogs nicht \ud83d\ude09 *gg*<\/p>\n<p>ich geh dann mal fehler suchen, neue inputs sind herzlich willkommen =D *gg*<\/p>\n<p>&nbsp;<\/p>\n<p>&nbsp;<\/p>\n<p>&nbsp;<\/p>\n","protected":false},"excerpt":{"rendered":"<p>sieht klasse aus, nicht? *g* nach dem update\u00a0 hab ich nun ein problem, bilder in einen artikel einzuf\u00fcgen. ich hab die bilder zwar in der mediathek und kann diese \u00fcber &#8222;anzeigen&#8220; =&gt; &#8222;bild bearbeiten&#8220; auch angucken. aber das bild im artikel sieht nur aus wie das da oben. =D jemand ev ne ahnung? =D *g* &#8230; <a title=\"Bilder einf\u00fcgen &#8211; Test, der 127&#8230;..\" class=\"read-more\" href=\"https:\/\/develi.ch\/?p=324\">Read more<span class=\"screen-reader-text\">Bilder einf\u00fcgen &#8211; Test, der 127&#8230;..<\/span><\/a><\/p>\n","protected":false},"author":1,"featured_media":329,"comment_status":"open","ping_status":"closed","sticky":false,"template":"","format":"standard","meta":{"jetpack_post_was_ever_published":false,"_jetpack_newsletter_access":"","_jetpack_dont_email_post_to_subs":false,"_jetpack_newsletter_tier_id":0,"_jetpack_memberships_contains_paywalled_content":false,"_jetpack_memberships_contains_paid_content":false,"footnotes":"","jetpack_publicize_message":"","jetpack_publicize_feature_enabled":true,"jetpack_social_post_already_shared":false,"jetpack_social_options":{"image_generator_settings":{"template":"highway","default_image_id":0,"font":"","enabled":false},"version":2}},"categories":[1019],"tags":[76,469,664],"class_list":["post-324","post","type-post","status-publish","format-standard","has-post-thumbnail","hentry","category-ivis-world","tag-bilder","tag-probleme","tag-wordpress"],"jetpack_publicize_connections":[],"jetpack_featured_media_url":"","jetpack_sharing_enabled":true,"jetpack_shortlink":"https:\/\/wp.me\/p674Fw-5e","jetpack_likes_enabled":true,"jetpack-related-posts":[{"id":305,"url":"https:\/\/develi.ch\/?p=305","url_meta":{"origin":324,"position":0},"title":"WordPress 3.2 Update&#8230;","author":"ivi","date":"12. Juli 2011","format":false,"excerpt":"Bhu, It's done.... Wie mancheiner wohl unschwer erkennt, hat noch nicht ganz alles geklappt. Das Theme ist noch v\u00f6llig unangepasst, und der ganze Blog sieht noch nicht wirklich so aus we ich es gerne h\u00e4tte =D Aber immerhin, er steht noch (wieder) Gestern wollte ich nur kurz den Blog updaten,\u2026","rel":"","context":"In &quot;ivis world&quot;","block_context":{"text":"ivis world","link":"https:\/\/develi.ch\/?cat=1019"},"img":{"alt_text":"","src":"","width":0,"height":0},"classes":[]},{"id":3874,"url":"https:\/\/develi.ch\/?p=3874","url_meta":{"origin":324,"position":1},"title":"Aufger\u00e4umt&#8230;","author":"ivi","date":"30. April 2015","format":false,"excerpt":"So, develi ist nun wieder da wos eigentlich hingeh\u00f6rt... L\u00e4ngere Zeit war die Hauptseite in einem z Unterverzeichnis, was mich pers\u00f6nlich wohl mehr generft hat, als alle Besucher zusammen. Auch hab ichs endlich geschaft, die Bilder der letzten und vorletzten Installation in den richtigen Struktur zu verr\u00e4umen. Das heisst, man\u2026","rel":"","context":"In &quot;ivis world&quot;","block_context":{"text":"ivis world","link":"https:\/\/develi.ch\/?cat=1019"},"img":{"alt_text":"","src":"","width":0,"height":0},"classes":[]},{"id":237,"url":"https:\/\/develi.ch\/?p=237","url_meta":{"origin":324,"position":2},"title":"Schwarzer Schmetterling&#8230;.. (mit Rot&#8230;)","author":"ivi","date":"8. Juni 2011","format":false,"excerpt":"Bhu, nach nem endlosen Stechermarathon (der letzte Termin wurde mal auf August, Sept verschoben) hab ich nun fast mein ganzes Efeu \"eingef\u00e4rbt\". Als Erg\u00e4nzung wollte meine Stecherin mir noch Schmetterlinge, Bienchen, Raupen oder K\u00e4fer aufmalen, weils halt passen w\u00fcrde. Da ich mich aber nicht wirklich mit dem Gedanken anfreunden konnte,\u2026","rel":"","context":"In &quot;ivis world&quot;","block_context":{"text":"ivis world","link":"https:\/\/develi.ch\/?cat=1019"},"img":{"alt_text":"","src":"https:\/\/i0.wp.com\/www.thetalesofasp.com\/images\/shop\/big\/phoenix_schwarz.jpg?resize=350%2C200","width":350,"height":200},"classes":[]},{"id":349,"url":"https:\/\/develi.ch\/?p=349","url_meta":{"origin":324,"position":3},"title":"Der Steamer des Todes&#8230;","author":"ivi","date":"13. Juli 2011","format":false,"excerpt":"....der H\u00e4ndeverbrenn- Automat und der Kuschel-Cap mit den Todeskakteen: das Bilder einf\u00fcgen klappt nun auch wieder.. ;) ich musste nur die Ordner \"2011\/07\" auf dem Server erstellen im Verzeichnis \"uploads\".. auch wenn dieser alle rechte hatte, anscheinend hat das mit dem neuen ordner erstellen und rechte erben nicht wirklich geklappt...\u2026","rel":"","context":"In &quot;In der K\u00fcche&quot;","block_context":{"text":"In der K\u00fcche","link":"https:\/\/develi.ch\/?cat=8"},"img":{"alt_text":"","src":"https:\/\/i0.wp.com\/develi.ch\/wordpress\/wp-content\/uploads\/2011\/07\/DSC01268-150x150.jpg?resize=350%2C200&ssl=1","width":350,"height":200},"classes":[]},{"id":1862,"url":"https:\/\/develi.ch\/?p=1862","url_meta":{"origin":324,"position":4},"title":"Ich bin ein Stadt-Blogger =D","author":"ivi","date":"2. Juni 2013","format":false,"excerpt":"Letzte Woche, Montag Morgen um halb Zehn. In Deutschland w\u00fcrde es nun ein Knoppers geben ;)\u00a0 Bei mir nicht. *hmpf* Daf\u00fcr kommt meine Arbeitskollegin in mein B\u00fcro und sagt \"Hey, ich hab dich im Internet gesehen, bei RonOrp, da hat's ein Foto und\u00a0warum schreibt der \u00fcber dich oder hast du\u2026","rel":"","context":"In &quot;Winterthur&quot;","block_context":{"text":"Winterthur","link":"https:\/\/develi.ch\/?cat=12"},"img":{"alt_text":"ronorp","src":"https:\/\/i0.wp.com\/develi.ch\/wordpress\/wp-content\/uploads\/2013\/06\/ronorp.jpg?resize=350%2C200&ssl=1","width":350,"height":200,"srcset":"https:\/\/i0.wp.com\/develi.ch\/wordpress\/wp-content\/uploads\/2013\/06\/ronorp.jpg?resize=350%2C200&ssl=1 1x, https:\/\/i0.wp.com\/develi.ch\/wordpress\/wp-content\/uploads\/2013\/06\/ronorp.jpg?resize=525%2C300&ssl=1 1.5x"},"classes":[]},{"id":14,"url":"https:\/\/develi.ch\/?p=14","url_meta":{"origin":324,"position":5},"title":"L\u00e4ster Blog oder Wer hat den nun die gr\u00f6sseren Probleme?","author":"ivi","date":"1. Dezember 2010","format":false,"excerpt":"Ich will auch mal, nur weil ich mich grad n st\u00fcck dr\u00fcber aufrege. ;) Situation ist die, es gibt in der schweiz ne dvd\/cd\/b\u00fccher tauschb\u00f6rse namens \u201eexsila.ch\u201c. ziemlich praktisch wenn man einen fehlgriff macht bez\u00fcglich neusten filmen und diese wieder loswerden m\u00f6chte. Das prinzip ist einfach, ich gebe die artikelnr\u2026","rel":"","context":"In &quot;ivis world&quot;","block_context":{"text":"ivis world","link":"https:\/\/develi.ch\/?cat=1019"},"img":{"alt_text":"","src":"","width":0,"height":0},"classes":[]}],"_links":{"self":[{"href":"https:\/\/develi.ch\/index.php?rest_route=\/wp\/v2\/posts\/324","targetHints":{"allow":["GET"]}}],"collection":[{"href":"https:\/\/develi.ch\/index.php?rest_route=\/wp\/v2\/posts"}],"about":[{"href":"https:\/\/develi.ch\/index.php?rest_route=\/wp\/v2\/types\/post"}],"author":[{"embeddable":true,"href":"https:\/\/develi.ch\/index.php?rest_route=\/wp\/v2\/users\/1"}],"replies":[{"embeddable":true,"href":"https:\/\/develi.ch\/index.php?rest_route=%2Fwp%2Fv2%2Fcomments&post=324"}],"version-history":[{"count":0,"href":"https:\/\/develi.ch\/index.php?rest_route=\/wp\/v2\/posts\/324\/revisions"}],"wp:featuredmedia":[{"embeddable":true,"href":"https:\/\/develi.ch\/index.php?rest_route=\/"}],"wp:attachment":[{"href":"https:\/\/develi.ch\/index.php?rest_route=%2Fwp%2Fv2%2Fmedia&parent=324"}],"wp:term":[{"taxonomy":"category","embeddable":true,"href":"https:\/\/develi.ch\/index.php?rest_route=%2Fwp%2Fv2%2Fcategories&post=324"},{"taxonomy":"post_tag","embeddable":true,"href":"https:\/\/develi.ch\/index.php?rest_route=%2Fwp%2Fv2%2Ftags&post=324"}],"curies":[{"name":"wp","href":"https:\/\/api.w.org\/{rel}","templated":true}]}}