{"id":305,"date":"2011-07-12T07:17:28","date_gmt":"2011-07-12T06:17:28","guid":{"rendered":"https:\/\/develi.ch\/wordpress\/?p=305"},"modified":"2011-07-12T07:17:28","modified_gmt":"2011-07-12T06:17:28","slug":"wordpress-3-2-update","status":"publish","type":"post","link":"https:\/\/develi.ch\/?p=305","title":{"rendered":"WordPress 3.2 Update&#8230;"},"content":{"rendered":"<p>Bhu, It&#8217;s done&#8230;.<\/p>\n<p>Wie mancheiner wohl unschwer erkennt, hat noch nicht ganz alles geklappt. Das Theme ist noch v\u00f6llig unangepasst, und der ganze Blog sieht noch nicht wirklich so aus we ich es gerne h\u00e4tte =D Aber immerhin, er steht noch (wieder)<\/p>\n<p>Gestern wollte ich nur kurz den Blog updaten, und *ZAG* irgendwie war pl\u00f6tzlich mein ganzer Blog weg. Bhu&#8230;&#8230; Kurzer Schockmoment =) Aber dank den vielen Inputs von anderen Usern, die Probleme mit WP updates hatten, konnte ich schnell feststellen, das mein altes Theme-Template irgend nen Fehler verursacht hat. Also brav Template gel\u00f6scht und er war wieder da =)<\/p>\n<p>Nun werde ich noch ein paar kleine, feine \u00c4nderungen vornehmen, welche als allgemeine Tipps im Umgang mit WP gegeben werden, plus gucken ob ichs entlich schaffe, meine Bilder direkt hochzuladen =D *chch*<\/p>\n<p>W\u00fcnscht mir gl\u00fcck \ud83d\ude09 Und seid so gl\u00fccklich wie ich, das alle Eintr\u00e4ge noch da sind&#8230; *g* War auch schon mal anders \ud83d\ude09<\/p>\n","protected":false},"excerpt":{"rendered":"<p>Bhu, It&#8217;s done&#8230;. Wie mancheiner wohl unschwer erkennt, hat noch nicht ganz alles geklappt. Das Theme ist noch v\u00f6llig unangepasst, und der ganze Blog sieht noch nicht wirklich so aus we ich es gerne h\u00e4tte =D Aber immerhin, er steht noch (wieder) Gestern wollte ich nur kurz den Blog updaten, und *ZAG* irgendwie war pl\u00f6tzlich &#8230; <a title=\"WordPress 3.2 Update&#8230;\" class=\"read-more\" href=\"https:\/\/develi.ch\/?p=305\">Read more<span class=\"screen-reader-text\">WordPress 3.2 Update&#8230;<\/span><\/a><\/p>\n","protected":false},"author":1,"featured_media":0,"comment_status":"open","ping_status":"closed","sticky":false,"template":"","format":"standard","meta":{"jetpack_post_was_ever_published":false,"_jetpack_newsletter_access":"","_jetpack_dont_email_post_to_subs":false,"_jetpack_newsletter_tier_id":0,"_jetpack_memberships_contains_paywalled_content":false,"_jetpack_memberships_contains_paid_content":false,"footnotes":"","jetpack_publicize_message":"","jetpack_publicize_feature_enabled":true,"jetpack_social_post_already_shared":false,"jetpack_social_options":{"image_generator_settings":{"template":"highway","default_image_id":0,"font":"","enabled":false},"version":2}},"categories":[1019],"tags":[664],"class_list":["post-305","post","type-post","status-publish","format-standard","hentry","category-ivis-world","tag-wordpress"],"jetpack_publicize_connections":[],"jetpack_featured_media_url":"","jetpack_sharing_enabled":true,"jetpack_shortlink":"https:\/\/wp.me\/p674Fw-4V","jetpack_likes_enabled":true,"jetpack-related-posts":[{"id":175,"url":"https:\/\/develi.ch\/?p=175","url_meta":{"origin":305,"position":0},"title":"Samstag Morgen Shopping","author":"ivi","date":"24. Februar 2011","format":false,"excerpt":"Samstag Morgen, 7:40. In ner Viertelstunde w\u00fcrde mein Wecker l\u00e4uten, doch ich h\u00f6re im Wohnzimmer dumpfes Gemurmel. Nach einem erneuten Blick auf die Uhr stehe ich mal auf und streife mir meinen Morgenmantel \u00fcber. Erstaunte Blicke vom Sofa, mein Holder und sein treuer Freund (*chchchhchchch* ) sind \u00fcberrascht, das ich\u2026","rel":"","context":"In &quot;ivis world&quot;","block_context":{"text":"ivis world","link":"https:\/\/develi.ch\/?cat=1019"},"img":{"alt_text":"DSC01151","src":"https:\/\/i0.wp.com\/develi.ch\/wp-content\/uploads\/2011\/02\/DSC01151-300x225.jpg?resize=350%2C200&ssl=1","width":350,"height":200},"classes":[]},{"id":490,"url":"https:\/\/develi.ch\/?p=490","url_meta":{"origin":305,"position":1},"title":"Die Tage danach&#8230; ( II ) \u2013 Der Stress","author":"ivi","date":"27. April 2010","format":false,"excerpt":"Nach dem ganzen Theater mit Wohnung nicht fertig und Umzugswagen, war ich der Meinung, das nach dem Umzugstag der Stress allm\u00e4hlich\u00a0nachlassen wird. Am Umzugstag selber lief alles wie geschmirt. Wir waren auch \u00fcberrascht, das die Handwerker es tats\u00e4chlich geschaft hatten, die komplette Wohnung zu streichen und die B\u00f6den in den\u2026","rel":"","context":"In &quot;ivis world&quot;","block_context":{"text":"ivis world","link":"https:\/\/develi.ch\/?cat=1019"},"img":{"alt_text":"","src":"","width":0,"height":0},"classes":[]},{"id":846,"url":"https:\/\/develi.ch\/?p=846","url_meta":{"origin":305,"position":2},"title":"Geburtstage sind was tolles&#8230;","author":"ivi","date":"29. September 2011","format":false,"excerpt":"Erstens mal, man hat wieder ein Jahr \u00fcberlebt in dieser Welt, was ja nicht wirklich selbstverst\u00e4ndlich ist. Dazu wird man \u00e4lter, und man hat wieder mehr Rechte und Pflichten. < ZBsp darf ich nun an \u00dc25 Parties! Jipi ;) Auch bekommt man Geschenke => Und zwar so tolle, das ich\u2026","rel":"","context":"In &quot;Gebastel&quot;","block_context":{"text":"Gebastel","link":"https:\/\/develi.ch\/?cat=1029"},"img":{"alt_text":"","src":"https:\/\/i0.wp.com\/develi.ch\/wordpress\/wp-content\/uploads\/2011\/09\/DSC_0261.jpg?resize=350%2C200&ssl=1","width":350,"height":200,"srcset":"https:\/\/i0.wp.com\/develi.ch\/wordpress\/wp-content\/uploads\/2011\/09\/DSC_0261.jpg?resize=350%2C200&ssl=1 1x, https:\/\/i0.wp.com\/develi.ch\/wordpress\/wp-content\/uploads\/2011\/09\/DSC_0261.jpg?resize=525%2C300&ssl=1 1.5x, https:\/\/i0.wp.com\/develi.ch\/wordpress\/wp-content\/uploads\/2011\/09\/DSC_0261.jpg?resize=700%2C400&ssl=1 2x, https:\/\/i0.wp.com\/develi.ch\/wordpress\/wp-content\/uploads\/2011\/09\/DSC_0261.jpg?resize=1050%2C600&ssl=1 3x, https:\/\/i0.wp.com\/develi.ch\/wordpress\/wp-content\/uploads\/2011\/09\/DSC_0261.jpg?resize=1400%2C800&ssl=1 4x"},"classes":[]},{"id":6932,"url":"https:\/\/develi.ch\/?p=6932","url_meta":{"origin":305,"position":3},"title":"Greenfield 2023 &#8211; Bericht","author":"ivi","date":"3. Juli 2023","format":false,"excerpt":"\u00a0 Mittwochmittag Ich habe zum Gl\u00fcck gestern schon einiges gepackt und einen Plan, was ich noch packen muss, damit ich nach dem Mittagessen schon bald losfahren kann Richtung Interlaken. Dieses Jahr muss ich auch noch einplanen, ein Zelt zu schleppen, da wir tats\u00e4chlich campieren. Mit Zelt. Am Greenfield. Auf dem\u2026","rel":"","context":"In &quot;ivis world&quot;","block_context":{"text":"ivis world","link":"https:\/\/develi.ch\/?cat=1019"},"img":{"alt_text":"","src":"https:\/\/i0.wp.com\/develi.ch\/wp-content\/uploads\/2023\/06\/gf_2023_timetable-212x300.jpg?resize=350%2C200&ssl=1","width":350,"height":200},"classes":[]},{"id":2384,"url":"https:\/\/develi.ch\/?p=2384","url_meta":{"origin":305,"position":4},"title":"Reisebericht Agadir, Marokko","author":"ivi","date":"30. M\u00e4rz 2014","format":false,"excerpt":"Im M\u00e4rz war ich eine Woche in Agadir, Marokko um die Tierhilfe Marokko zu besuchen (www.tierhilfemarokko.ch ) Da ich vor dem Abflug eigentlich gar nicht viel \u00fcber die n\u00e4chsten paar Tage wusste, war ich auch sehr gespannt, was mich erwarten w\u00fcrde. Lustigerweise hatte ich aber vor dem Unbekannten (fremdes Land,\u2026","rel":"","context":"In &quot;ivis world&quot;","block_context":{"text":"ivis world","link":"https:\/\/develi.ch\/?cat=1019"},"img":{"alt_text":"","src":"https:\/\/i0.wp.com\/develi.ch\/wp-content\/uploads\/2014\/03\/wpid-DSC_0106-e1430372692872-150x150.jpg?resize=350%2C200&ssl=1","width":350,"height":200,"srcset":"https:\/\/i0.wp.com\/develi.ch\/wp-content\/uploads\/2014\/03\/wpid-DSC_0106-e1430372692872-150x150.jpg?resize=350%2C200&ssl=1 1x, https:\/\/i0.wp.com\/develi.ch\/wp-content\/uploads\/2014\/03\/wpid-DSC_0106-e1430372692872-150x150.jpg?resize=525%2C300&ssl=1 1.5x, https:\/\/i0.wp.com\/develi.ch\/wp-content\/uploads\/2014\/03\/wpid-DSC_0106-e1430372692872-150x150.jpg?resize=700%2C400&ssl=1 2x"},"classes":[]},{"id":1794,"url":"https:\/\/develi.ch\/?p=1794","url_meta":{"origin":305,"position":5},"title":"Wie erschreckt man Leute?","author":"ivi","date":"3. M\u00e4rz 2013","format":false,"excerpt":"Den Blog hab ich gerade gefunden, das Datum dabei ist der 16.10.2007.. Sehr aktuell gerade, da ich in letzter Zeit wegen allem und jedem in Filmen erschrecke =) Mein Holder kann zum Gl\u00fcck im Voraussagen, wann ich erschrecken werde.. ;)\u00a0\u00a0 Wie man mich erschrecken kann ist vielen schon ziemlich oft\u2026","rel":"","context":"In &quot;Sound \/ Dance \/ Party&quot;","block_context":{"text":"Sound \/ Dance \/ Party","link":"https:\/\/develi.ch\/?cat=11"},"img":{"alt_text":"","src":"","width":0,"height":0},"classes":[]}],"_links":{"self":[{"href":"https:\/\/develi.ch\/index.php?rest_route=\/wp\/v2\/posts\/305","targetHints":{"allow":["GET"]}}],"collection":[{"href":"https:\/\/develi.ch\/index.php?rest_route=\/wp\/v2\/posts"}],"about":[{"href":"https:\/\/develi.ch\/index.php?rest_route=\/wp\/v2\/types\/post"}],"author":[{"embeddable":true,"href":"https:\/\/develi.ch\/index.php?rest_route=\/wp\/v2\/users\/1"}],"replies":[{"embeddable":true,"href":"https:\/\/develi.ch\/index.php?rest_route=%2Fwp%2Fv2%2Fcomments&post=305"}],"version-history":[{"count":0,"href":"https:\/\/develi.ch\/index.php?rest_route=\/wp\/v2\/posts\/305\/revisions"}],"wp:attachment":[{"href":"https:\/\/develi.ch\/index.php?rest_route=%2Fwp%2Fv2%2Fmedia&parent=305"}],"wp:term":[{"taxonomy":"category","embeddable":true,"href":"https:\/\/develi.ch\/index.php?rest_route=%2Fwp%2Fv2%2Fcategories&post=305"},{"taxonomy":"post_tag","embeddable":true,"href":"https:\/\/develi.ch\/index.php?rest_route=%2Fwp%2Fv2%2Ftags&post=305"}],"curies":[{"name":"wp","href":"https:\/\/api.w.org\/{rel}","templated":true}]}}