{"id":2694,"date":"2014-08-04T18:02:48","date_gmt":"2014-08-04T16:02:48","guid":{"rendered":"https:\/\/develi.ch\/z\/?p=2694"},"modified":"2014-08-04T18:02:48","modified_gmt":"2014-08-04T16:02:48","slug":"leuchtdingens","status":"publish","type":"post","link":"https:\/\/develi.ch\/?p=2694","title":{"rendered":"Leuchtdingens"},"content":{"rendered":"<p>Habt ihr auch schon Buttons rumliegen gehabt und euch gefragt, was ihr mit diesen Teils machen k\u00f6nnt, ohne das ihr eine Botschaft die euch nicht zusagt in die Welt heraus tragt?<\/p>\n<p>Wenn ja, hab ich ne einfache L\u00f6sung f\u00fcr euch:<\/p>\n<p><strong>Bastelt euch Leuchtdingens daraus!!<\/strong><\/p>\n<p>Die k\u00f6nnt Ihr an Jacken, Taschen, M\u00fctzen, etc anpinnen und schon seid ihr auf der Strasse sichtbarer f\u00fcr den Verkehr.<\/p>\n<div id='gallery-1' class='gallery galleryid-2694 gallery-columns-3 gallery-size-thumbnail'><figure class='gallery-item'>\n\t\t\t<div class='gallery-icon landscape'>\n\t\t\t\t<a href='https:\/\/develi.ch\/?attachment_id=3431'><img loading=\"lazy\" decoding=\"async\" width=\"150\" height=\"150\" src=\"https:\/\/develi.ch\/wp-content\/uploads\/2014\/08\/wpid-dsc_0409-150x150.jpg\" class=\"attachment-thumbnail size-thumbnail\" alt=\"\" \/><\/a>\n\t\t\t<\/div><\/figure><figure class='gallery-item'>\n\t\t\t<div class='gallery-icon landscape'>\n\t\t\t\t<a href='https:\/\/develi.ch\/?attachment_id=3429'><img loading=\"lazy\" decoding=\"async\" width=\"150\" height=\"150\" src=\"https:\/\/develi.ch\/wp-content\/uploads\/2014\/08\/wpid-dsc_0410-150x150.jpg\" class=\"attachment-thumbnail size-thumbnail\" alt=\"\" \/><\/a>\n\t\t\t<\/div><\/figure><figure class='gallery-item'>\n\t\t\t<div class='gallery-icon landscape'>\n\t\t\t\t<a href='https:\/\/develi.ch\/?attachment_id=3430'><img loading=\"lazy\" decoding=\"async\" width=\"150\" height=\"150\" src=\"https:\/\/develi.ch\/wp-content\/uploads\/2014\/08\/wpid-dsc_0412-150x150.jpg\" class=\"attachment-thumbnail size-thumbnail\" alt=\"\" \/><\/a>\n\t\t\t<\/div><\/figure><figure class='gallery-item'>\n\t\t\t<div class='gallery-icon landscape'>\n\t\t\t\t<a href='https:\/\/develi.ch\/?attachment_id=3433'><img loading=\"lazy\" decoding=\"async\" width=\"150\" height=\"150\" src=\"https:\/\/develi.ch\/wp-content\/uploads\/2014\/08\/wpid-dsc_0411-150x150.jpg\" class=\"attachment-thumbnail size-thumbnail\" alt=\"\" \/><\/a>\n\t\t\t<\/div><\/figure><figure class='gallery-item'>\n\t\t\t<div class='gallery-icon landscape'>\n\t\t\t\t<a href='https:\/\/develi.ch\/?attachment_id=3428'><img loading=\"lazy\" decoding=\"async\" width=\"150\" height=\"150\" src=\"https:\/\/develi.ch\/wp-content\/uploads\/2014\/08\/wpid-dsc_0413-150x150.jpg\" class=\"attachment-thumbnail size-thumbnail\" alt=\"\" \/><\/a>\n\t\t\t<\/div><\/figure><figure class='gallery-item'>\n\t\t\t<div class='gallery-icon landscape'>\n\t\t\t\t<a href='https:\/\/develi.ch\/?attachment_id=3434'><img loading=\"lazy\" decoding=\"async\" width=\"150\" height=\"150\" src=\"https:\/\/develi.ch\/wp-content\/uploads\/2014\/08\/wpid-dsc_0414-150x150.jpg\" class=\"attachment-thumbnail size-thumbnail\" alt=\"\" \/><\/a>\n\t\t\t<\/div><\/figure>\n\t\t<\/div>\n\n<p>Dazu braucht ihr nur die Buttons, eine Scherre und Leuchtklebefolie\/Papier.<\/p>\n<p>Dann einfach die Buttons mit der Leuchtfolie bekleben und fertig ist das gute St\u00fcck.<\/p>\n<p>Praktisch, wenn man \u00f6fters mal Jacke oder Handtasche wechselt. Und f\u00fcr den Winter sowieso sehr zu empfehlen!<\/p>\n<p>Ich verklebe meine Winterklamotten alle mit so Leuchtklebefolie.<\/p>\n","protected":false},"excerpt":{"rendered":"<p>Habt ihr auch schon Buttons rumliegen gehabt und euch gefragt, was ihr mit diesen Teils machen k\u00f6nnt, ohne das ihr eine Botschaft die euch nicht zusagt in die Welt heraus tragt? Wenn ja, hab ich ne einfache L\u00f6sung f\u00fcr euch: Bastelt euch Leuchtdingens daraus!! Die k\u00f6nnt Ihr an Jacken, Taschen, M\u00fctzen, etc anpinnen und schon &#8230; <a title=\"Leuchtdingens\" class=\"read-more\" href=\"https:\/\/develi.ch\/?p=2694\">Read more<span class=\"screen-reader-text\">Leuchtdingens<\/span><\/a><\/p>\n","protected":false},"author":1,"featured_media":0,"comment_status":"open","ping_status":"closed","sticky":false,"template":"","format":"standard","meta":{"jetpack_post_was_ever_published":false,"_jetpack_newsletter_access":"","_jetpack_dont_email_post_to_subs":false,"_jetpack_newsletter_tier_id":0,"_jetpack_memberships_contains_paywalled_content":false,"_jetpack_memberships_contains_paid_content":false,"footnotes":"","jetpack_publicize_message":"","jetpack_publicize_feature_enabled":true,"jetpack_social_post_already_shared":true,"jetpack_social_options":{"image_generator_settings":{"template":"highway","default_image_id":0,"font":"","enabled":false},"version":2}},"categories":[1019],"tags":[66,214,326,361,363,656],"class_list":["post-2694","post","type-post","status-publish","format-standard","hentry","category-ivis-world","tag-basteln","tag-gebastel","tag-kleben","tag-leuchtdingens","tag-licht","tag-winter"],"jetpack_publicize_connections":[],"jetpack_featured_media_url":"","jetpack_sharing_enabled":true,"jetpack_shortlink":"https:\/\/wp.me\/p674Fw-Hs","jetpack_likes_enabled":true,"jetpack-related-posts":[{"id":683,"url":"https:\/\/develi.ch\/?p=683","url_meta":{"origin":2694,"position":0},"title":"Schweizer Kinder m\u00fcssen T\u00fcrkisch lernen","author":"ivi","date":"5. September 2011","format":false,"excerpt":"Als ich am Samstag den Denkanstoss-Artikel \"Schweizer Kinder m\u00fcssen T\u00fcrkisch lernen\" gelesen habe, musste ich doch ein paar Mal schwer schlucken. Ich verstehe nicht wirklich, wieso unsere Kinder eine weitere Fremdsprache (nebst Franz\u00f6sisch, Englisch und ev Italienisch)\u00a0im eigenen Land lernen sollten, um sich in der Klasse integrieren zu k\u00f6nnen. Weil\u2026","rel":"","context":"In &quot;ivis world&quot;","block_context":{"text":"ivis world","link":"https:\/\/develi.ch\/?cat=1019"},"img":{"alt_text":"","src":"https:\/\/i0.wp.com\/develi.ch\/wordpress\/wp-content\/uploads\/2011\/09\/unbenannt.jpg?resize=350%2C200&ssl=1","width":350,"height":200},"classes":[]},{"id":2082,"url":"https:\/\/develi.ch\/?p=2082","url_meta":{"origin":2694,"position":1},"title":"Elefantenpark unterst\u00fctzen","author":"ivi","date":"24. September 2013","format":false,"excerpt":"Da ich ja schon im August einen Blog erstellt habe, welcher der Welt mitgeteilt hat, das ich ab sofort ein Elefantenfan bin, hab ich auch gleich von Anfang an das Projekt Himmapan vom Knies Kinderzoo unterst\u00fctzt. Elefantenpark \u00abHimmapan\u00bb In Knies Kinderzoo in Rapperswil entsteht ein beeindruckender Begegnungsort f\u00fcr Besucher und\u2026","rel":"","context":"In &quot;ivis world&quot;","block_context":{"text":"ivis world","link":"https:\/\/develi.ch\/?cat=1019"},"img":{"alt_text":"","src":"","width":0,"height":0},"classes":[]},{"id":5791,"url":"https:\/\/develi.ch\/?p=5791","url_meta":{"origin":2694,"position":2},"title":"Tage, die es nicht geben sollte","author":"ivi","date":"21. Juli 2017","format":false,"excerpt":"Der 20. Juli 2017 geh\u00f6rt f\u00fcr mich in diese Kategorie. angefangen schon um 01:30, als unser Kr\u00fcmel sich und uns mit lautem Geschrei aus dem Schlaf geholt hat. Nachdem auch wirklich alles versucht war, war klar, Kr\u00fcmel geht es nicht gut. Nur wie gut\/schlecht? Fieber hatte er noch nicht, aber\u2026","rel":"","context":"In &quot;Sound \/ Dance \/ Party&quot;","block_context":{"text":"Sound \/ Dance \/ Party","link":"https:\/\/develi.ch\/?cat=11"},"img":{"alt_text":"","src":"https:\/\/i0.wp.com\/develi.ch\/wp-content\/uploads\/2014\/07\/IMG_1874.jpg?resize=350%2C200&ssl=1","width":350,"height":200,"srcset":"https:\/\/i0.wp.com\/develi.ch\/wp-content\/uploads\/2014\/07\/IMG_1874.jpg?resize=350%2C200&ssl=1 1x, https:\/\/i0.wp.com\/develi.ch\/wp-content\/uploads\/2014\/07\/IMG_1874.jpg?resize=525%2C300&ssl=1 1.5x, https:\/\/i0.wp.com\/develi.ch\/wp-content\/uploads\/2014\/07\/IMG_1874.jpg?resize=700%2C400&ssl=1 2x"},"classes":[]},{"id":6287,"url":"https:\/\/develi.ch\/?p=6287","url_meta":{"origin":2694,"position":3},"title":"Dragons Chain Klamotten","author":"ivi","date":"25. April 2018","format":false,"excerpt":"Schon l\u00e4nger hab ich die FB Seite von Dragons Chain beobachtet und immer wieder mit seinen Kleidungsst\u00fccken lieb\u00e4ugelt. Aber wo tr\u00e4gt man denn die sch\u00f6nen St\u00fccke von Designer Christian Dietrich? Ich kann es euch sagen ==>\u00a0Man tr\u00e4gt sie \u00fcberall!\u00a0 Zum Beispiel f\u00fcr ein tolles Fotoshooting => Outdoor mit Kleidung, Indoor\u2026","rel":"","context":"In &quot;ivis world&quot;","block_context":{"text":"ivis world","link":"https:\/\/develi.ch\/?cat=1019"},"img":{"alt_text":"","src":"https:\/\/i0.wp.com\/develi.ch\/wp-content\/uploads\/2018\/04\/IMG_20180314_001711-01_resized_20180314_122542872-150x150.jpeg?resize=350%2C200&ssl=1","width":350,"height":200,"srcset":"https:\/\/i0.wp.com\/develi.ch\/wp-content\/uploads\/2018\/04\/IMG_20180314_001711-01_resized_20180314_122542872-150x150.jpeg?resize=350%2C200&ssl=1 1x, https:\/\/i0.wp.com\/develi.ch\/wp-content\/uploads\/2018\/04\/IMG_20180314_001711-01_resized_20180314_122542872-150x150.jpeg?resize=525%2C300&ssl=1 1.5x, https:\/\/i0.wp.com\/develi.ch\/wp-content\/uploads\/2018\/04\/IMG_20180314_001711-01_resized_20180314_122542872-150x150.jpeg?resize=700%2C400&ssl=1 2x"},"classes":[]},{"id":148,"url":"https:\/\/develi.ch\/?p=148","url_meta":{"origin":2694,"position":4},"title":"zu sp\u00e4t&#8230;","author":"ivi","date":"20. August 2010","format":false,"excerpt":"Den Blog hab ich vor genau nem Jahr geschrieben.. Ich hab nur ein Jahr gebraucht, ihn abzuschicken... \u201eIch sitze hier, weit ab von Gut und B\u00f6se in einem Hotelzimmer. Gesch\u00e4ftsreise im Ausland. Die Welt versinkt irgendwie im Chaos, es war ein merkw\u00fcrdiger Tag\/Nacht, ich bin nicht wirklich da mit meinen\u2026","rel":"","context":"In &quot;Worte&quot;","block_context":{"text":"Worte","link":"https:\/\/develi.ch\/?cat=13"},"img":{"alt_text":"","src":"","width":0,"height":0},"classes":[]},{"id":2697,"url":"https:\/\/develi.ch\/?p=2697","url_meta":{"origin":2694,"position":5},"title":"Youtube Fehler?","author":"ivi","date":"18. Juli 2014","format":false,"excerpt":"Gestern wollte ich auf Youtube etwas anschauen, was von unsere Firma eingestellt wurde. Als ich mit dem IE dann auf Youtube navigiert bin, kam die folgende Fehlermeldung: Da der Text doch recht klein ist, hier noch raus kopiert, damit man ihn auch sch\u00f6n lesen kann: Ihr Account wurde gesperrt Es\u2026","rel":"","context":"In &quot;ivis world&quot;","block_context":{"text":"ivis world","link":"https:\/\/develi.ch\/?cat=1019"},"img":{"alt_text":"","src":"https:\/\/i0.wp.com\/develi.ch\/wp-content\/uploads\/2014\/07\/youtube_error_kk.jpg?resize=350%2C200&ssl=1","width":350,"height":200,"srcset":"https:\/\/i0.wp.com\/develi.ch\/wp-content\/uploads\/2014\/07\/youtube_error_kk.jpg?resize=350%2C200&ssl=1 1x, https:\/\/i0.wp.com\/develi.ch\/wp-content\/uploads\/2014\/07\/youtube_error_kk.jpg?resize=525%2C300&ssl=1 1.5x"},"classes":[]}],"_links":{"self":[{"href":"https:\/\/develi.ch\/index.php?rest_route=\/wp\/v2\/posts\/2694","targetHints":{"allow":["GET"]}}],"collection":[{"href":"https:\/\/develi.ch\/index.php?rest_route=\/wp\/v2\/posts"}],"about":[{"href":"https:\/\/develi.ch\/index.php?rest_route=\/wp\/v2\/types\/post"}],"author":[{"embeddable":true,"href":"https:\/\/develi.ch\/index.php?rest_route=\/wp\/v2\/users\/1"}],"replies":[{"embeddable":true,"href":"https:\/\/develi.ch\/index.php?rest_route=%2Fwp%2Fv2%2Fcomments&post=2694"}],"version-history":[{"count":0,"href":"https:\/\/develi.ch\/index.php?rest_route=\/wp\/v2\/posts\/2694\/revisions"}],"wp:attachment":[{"href":"https:\/\/develi.ch\/index.php?rest_route=%2Fwp%2Fv2%2Fmedia&parent=2694"}],"wp:term":[{"taxonomy":"category","embeddable":true,"href":"https:\/\/develi.ch\/index.php?rest_route=%2Fwp%2Fv2%2Fcategories&post=2694"},{"taxonomy":"post_tag","embeddable":true,"href":"https:\/\/develi.ch\/index.php?rest_route=%2Fwp%2Fv2%2Ftags&post=2694"}],"curies":[{"name":"wp","href":"https:\/\/api.w.org\/{rel}","templated":true}]}}