{"id":234,"date":"2011-07-01T12:05:20","date_gmt":"2011-07-01T11:05:20","guid":{"rendered":"https:\/\/develi.ch\/wordpress\/?p=234"},"modified":"2018-07-26T11:18:24","modified_gmt":"2018-07-26T09:18:24","slug":"einmal-3jahre-einmal-2-5jahre-und-ein-anfang","status":"publish","type":"post","link":"https:\/\/develi.ch\/?p=234","title":{"rendered":"Einmal 3Jahre, einmal 2.5Jahre und ein Anfang"},"content":{"rendered":"<p>Diese Woche war ziemlich cool!<\/p>\n<p>Wir hatten unser 3 J\u00e4hriges &#8222;Kennenlernen&#8220;, damals, an einem Freitag Abend\/Nacht im Oxa, an einer HS Night.\u00a0Als wir \u00fcber Tattoos, kein Gott und die Welt diskutierten und ich noch genau weis, das ich ihm meine Nr nicht geben wollte. =) Ich mochte schon damals nicht ewig SMS schreiben und vorallem wusste ich das er auf Partyguide ein Profil hatte. (ja, wer seine tattoos online stellt, kann damit rechnen das ich mich daran erinnern kann \ud83d\ude09 )<\/p>\n<p>Also nach dem Ausschlafen gleich mal ne Email Richtung Z\u00fcrich geschrieben&#8230; =D *smile* Was manche Emails und Zoo Besuche alles starten k\u00f6nnen&#8230;..<\/p>\n<p>\u00a0<\/p>\n<p>TATAAAAAAAA&#8230;. und nur drei Tage nach unserem 3J\u00e4hrigen kennenlerenen hatten wir unser 2.5J\u00e4hriges &#8222;Zusammen sein&#8220;!!! =D<\/p>\n<p>Also haben wir nur knapp ein halbes Jahr gebraucht um zu bemerken das wir eigentlich wirklich perfekt zusammen passen.. Oh ja, das tun wir! \ud83d\ude09\u00a0 Scrubs und Futurama sei dank.. *gg*<\/p>\n<p>\u00a0<\/p>\n<p>Und der Anfang von was total coolem war auch in der Woche.. Also, eigentlich nur der offiziele Anfang, cool wars schon vorher.. \ud83d\ude09 *chch*<\/p>\n<p>Alles gute meinem Engelchen und ihrem Herzblatt!<\/p>\n","protected":false},"excerpt":{"rendered":"<p>Diese Woche war ziemlich cool! Wir hatten unser 3 J\u00e4hriges &#8222;Kennenlernen&#8220;, damals, an einem Freitag Abend\/Nacht im Oxa, an einer HS Night.\u00a0Als wir \u00fcber Tattoos, kein Gott und die Welt diskutierten und ich noch genau weis, das ich ihm meine Nr nicht geben wollte. =) Ich mochte schon damals nicht ewig SMS schreiben und vorallem &#8230; <a title=\"Einmal 3Jahre, einmal 2.5Jahre und ein Anfang\" class=\"read-more\" href=\"https:\/\/develi.ch\/?p=234\">Read more<span class=\"screen-reader-text\">Einmal 3Jahre, einmal 2.5Jahre und ein Anfang<\/span><\/a><\/p>\n","protected":false},"author":1,"featured_media":0,"comment_status":"open","ping_status":"closed","sticky":false,"template":"","format":"standard","meta":{"jetpack_post_was_ever_published":false,"_jetpack_newsletter_access":"","_jetpack_dont_email_post_to_subs":false,"_jetpack_newsletter_tier_id":0,"_jetpack_memberships_contains_paywalled_content":false,"_jetpack_memberships_contains_paid_content":false,"footnotes":"","jetpack_publicize_message":"","jetpack_publicize_feature_enabled":true,"jetpack_social_post_already_shared":false,"jetpack_social_options":{"image_generator_settings":{"template":"highway","default_image_id":0,"font":"","enabled":false},"version":2}},"categories":[1019],"tags":[],"class_list":["post-234","post","type-post","status-publish","format-standard","hentry","category-ivis-world"],"jetpack_publicize_connections":[],"jetpack_featured_media_url":"","jetpack_sharing_enabled":true,"jetpack_shortlink":"https:\/\/wp.me\/p674Fw-3M","jetpack_likes_enabled":true,"jetpack-related-posts":[{"id":1433,"url":"https:\/\/develi.ch\/?p=1433","url_meta":{"origin":234,"position":0},"title":"Unh\u00f6fliche Dienstleister, die X-te","author":"ivi","date":"6. Juli 2012","format":false,"excerpt":"Unsere Wohnungst\u00fcr hat ein Schloss, das zickt. M\u00fchsam sowas, vorallem wenn man nach einem langen Tag nur noch aufs Sofa liegen will und nicht in die Wohnung reinkommt. So passiert am Freitag nach der Arbeit und Samstag nach nem Familienfest, mit langer Bahnfahrt. Am Freitag konnte ich meinen Holden als\u2026","rel":"","context":"In &quot;ivis world&quot;","block_context":{"text":"ivis world","link":"https:\/\/develi.ch\/?cat=1019"},"img":{"alt_text":"","src":"","width":0,"height":0},"classes":[]},{"id":588,"url":"https:\/\/develi.ch\/?p=588","url_meta":{"origin":234,"position":1},"title":"Weltrekord Aare B\u00f6\u00f6tle&#8230;","author":"ivi","date":"22. August 2011","format":false,"excerpt":"Am Samstag war ich an einem Weltrekordversuch f\u00fcr einen Eintrag im Guiness World Records Buch. Thematik? Aare B\u00f6\u00f6tle... Man wollte so viele Leute und B\u00f6\u00f6tchen wie m\u00f6glich von Kiesen nach Bern \"schiffen\" lassen... Der alte Rekord hatte eine Stadt in Japan, mit 1086 Teilnehmern geholt im Jahr 2009. Letztes Jahr\u2026","rel":"","context":"In &quot;ivis world&quot;","block_context":{"text":"ivis world","link":"https:\/\/develi.ch\/?cat=1019"},"img":{"alt_text":"","src":"https:\/\/i0.wp.com\/develi.ch\/wordpress\/wp-content\/uploads\/2011\/08\/DSC02523.jpg?resize=350%2C200&ssl=1","width":350,"height":200,"srcset":"https:\/\/i0.wp.com\/develi.ch\/wordpress\/wp-content\/uploads\/2011\/08\/DSC02523.jpg?resize=350%2C200&ssl=1 1x, https:\/\/i0.wp.com\/develi.ch\/wordpress\/wp-content\/uploads\/2011\/08\/DSC02523.jpg?resize=525%2C300&ssl=1 1.5x, https:\/\/i0.wp.com\/develi.ch\/wordpress\/wp-content\/uploads\/2011\/08\/DSC02523.jpg?resize=700%2C400&ssl=1 2x"},"classes":[]},{"id":1384,"url":"https:\/\/develi.ch\/?p=1384","url_meta":{"origin":234,"position":2},"title":"Greenfield &#8211; Der R\u00fcckblick","author":"ivi","date":"29. Juni 2012","format":false,"excerpt":"Donnerstag Abend... Ich schreib noch ne Anatomie Pr\u00fcfung, obwohl meine Gedanken seit ner Woche eh schon nur noch im Berner Oberland verweilen. Egal, hab ich halt nicht wirklich viel gelernt. =) Im Fahrstuhl fragen mich zwei nette Herren, wieso ich den so L\u00e4chelnd in die Schule gehe, so strahlend sehe\u2026","rel":"","context":"In &quot;Sound \/ Dance \/ Party&quot;","block_context":{"text":"Sound \/ Dance \/ Party","link":"https:\/\/develi.ch\/?cat=11"},"img":{"alt_text":"","src":"https:\/\/i0.wp.com\/develi.ch\/wp-content\/uploads\/2015\/07\/wpid-img-20140228-wa0003-e1436899272977-150x150.jpg?resize=350%2C200&ssl=1","width":350,"height":200,"srcset":"https:\/\/i0.wp.com\/develi.ch\/wp-content\/uploads\/2015\/07\/wpid-img-20140228-wa0003-e1436899272977-150x150.jpg?resize=350%2C200&ssl=1 1x, https:\/\/i0.wp.com\/develi.ch\/wp-content\/uploads\/2015\/07\/wpid-img-20140228-wa0003-e1436899272977-150x150.jpg?resize=525%2C300&ssl=1 1.5x, https:\/\/i0.wp.com\/develi.ch\/wp-content\/uploads\/2015\/07\/wpid-img-20140228-wa0003-e1436899272977-150x150.jpg?resize=700%2C400&ssl=1 2x"},"classes":[]},{"id":4054,"url":"https:\/\/develi.ch\/?p=4054","url_meta":{"origin":234,"position":3},"title":"Putzfrau &#8211; Segen oder Fluch?","author":"ivi","date":"21. Mai 2015","format":false,"excerpt":"Letztes Jahr hab ich in einem Gespr\u00e4ch mit einer Arbeitskollegin, welche von ihrer erste und neuen Putzfrau erz\u00e4hlt hat, beschlossen, das ich auch eine Putzfrau anstellen m\u00f6chte. Also nicht lange gefackelt (mache ich eigentlich nie..) und bei der Putzfrauen Agentur in Winterthur angefragt, ob jemand verf\u00fcgbar w\u00e4re. Danach erste Wohnungsbesichtigung\u2026","rel":"","context":"In &quot;Winterthur&quot;","block_context":{"text":"Winterthur","link":"https:\/\/develi.ch\/?cat=12"},"img":{"alt_text":"","src":"","width":0,"height":0},"classes":[]},{"id":477,"url":"https:\/\/develi.ch\/?p=477","url_meta":{"origin":234,"position":4},"title":"Ich bin umgezogen&#8230;..","author":"ivi","date":"5. August 2011","format":false,"excerpt":"Naja, eigentlich schon l\u00e4nger, aber anscheinend haben das der eine oder die andere gar nicht mitbekommen. =D Seit April 2010 wohne ich in Winterthur, an der T\u00f6sstalstrasse. Die T\u00f6sstalstrasse f\u00e4ngt irgendwo in der Mitte von Winterthur an und zieht sich \u00fcber Seen weiter durch das ganze T\u00f6sstal. Wieso ich nach\u2026","rel":"","context":"In &quot;ivis world&quot;","block_context":{"text":"ivis world","link":"https:\/\/develi.ch\/?cat=1019"},"img":{"alt_text":"","src":"https:\/\/i0.wp.com\/develi.ch\/wordpress\/wp-content\/uploads\/2011\/08\/gang-150x150.jpg?resize=350%2C200&ssl=1","width":350,"height":200},"classes":[]},{"id":167,"url":"https:\/\/develi.ch\/?p=167","url_meta":{"origin":234,"position":5},"title":"Musik und Erinnerungen&#8230;","author":"ivi","date":"18. Februar 2011","format":false,"excerpt":"\" passiert euch das auch ab und zu, und welche Erinnerungen verbindet ihr mit welchem Lied?\" Die Frage in einem Thread eines Forums... und meine gedanken dazu waren dann irgendwie total deprimierend, weil ich zwar viele lieder mit viel sch\u00f6nem assoziere. aber zbsp Linkin Park h\u00f6rte ich 2001 als mein\u2026","rel":"","context":"In &quot;Sound \/ Dance \/ Party&quot;","block_context":{"text":"Sound \/ Dance \/ Party","link":"https:\/\/develi.ch\/?cat=11"},"img":{"alt_text":"","src":"","width":0,"height":0},"classes":[]}],"_links":{"self":[{"href":"https:\/\/develi.ch\/index.php?rest_route=\/wp\/v2\/posts\/234","targetHints":{"allow":["GET"]}}],"collection":[{"href":"https:\/\/develi.ch\/index.php?rest_route=\/wp\/v2\/posts"}],"about":[{"href":"https:\/\/develi.ch\/index.php?rest_route=\/wp\/v2\/types\/post"}],"author":[{"embeddable":true,"href":"https:\/\/develi.ch\/index.php?rest_route=\/wp\/v2\/users\/1"}],"replies":[{"embeddable":true,"href":"https:\/\/develi.ch\/index.php?rest_route=%2Fwp%2Fv2%2Fcomments&post=234"}],"version-history":[{"count":1,"href":"https:\/\/develi.ch\/index.php?rest_route=\/wp\/v2\/posts\/234\/revisions"}],"predecessor-version":[{"id":6438,"href":"https:\/\/develi.ch\/index.php?rest_route=\/wp\/v2\/posts\/234\/revisions\/6438"}],"wp:attachment":[{"href":"https:\/\/develi.ch\/index.php?rest_route=%2Fwp%2Fv2%2Fmedia&parent=234"}],"wp:term":[{"taxonomy":"category","embeddable":true,"href":"https:\/\/develi.ch\/index.php?rest_route=%2Fwp%2Fv2%2Fcategories&post=234"},{"taxonomy":"post_tag","embeddable":true,"href":"https:\/\/develi.ch\/index.php?rest_route=%2Fwp%2Fv2%2Ftags&post=234"}],"curies":[{"name":"wp","href":"https:\/\/api.w.org\/{rel}","templated":true}]}}