{"id":231,"date":"2011-05-22T13:16:28","date_gmt":"2011-05-22T12:16:28","guid":{"rendered":"https:\/\/develi.ch\/wordpress\/?p=231"},"modified":"2011-05-22T13:16:28","modified_gmt":"2011-05-22T12:16:28","slug":"atari-teenage-riot-2","status":"publish","type":"post","link":"https:\/\/develi.ch\/?p=231","title":{"rendered":"Atari Teenage Riot @ Salzhaus"},"content":{"rendered":"<p>Schade, Video Upload funktioniert auch nicht wirklich \ud83d\ude09<\/p>\n<p>&nbsp;<\/p>\n<p>Jedenfalls Samstag 21.05. war Konzert im Salzhaus. Mein erstes Salzhauskonzert seit ich in Winterthur bin (mein zweites, nach dem Legend\u00e4ren Floggin Molly Konzert und der Z\u00fcrich Bahnhofstrasse Nacht von 2003)<\/p>\n<p>Die Band &#8222;ATARI TEENAGE RIOT&#8220; wollte dem Publikum doll einheizen. Und weil doch P\u00e4scy die unbedingt sehen musste, haben wir auch zugesagt. Die Einstimmung per YouTube war schon ziemlich klasse =D<\/p>\n<p>Ist \u00e4hnlich wie Prodigy, Scooter, irgendwas sonst Punkiges und nem guten Schuss HC =&gt; Industrial Techno. Perfekt f\u00fcr uns!<\/p>\n<p>Im Party Outfit gings also zum Bahnhof und dan weiter gem\u00fctlich Richtung Salzhaus. Und auch wenn wir von der Vorband, oder was es gewesen w\u00e4re, nicht wirklich was mitbekommen haben, ev wars der DJ der schon seit der T\u00fcr\u00f6ffnung irgendwelchen Chilloutsound aufgelegt hat, haben wir bei den ersten Kl\u00e4ngen von ATR nur noch Party gesehn!<\/p>\n<p>Wow, 2h einfach nur herumh\u00fcpfen, aufpassen nicht umgeh\u00fcpft zu werden, den Bierbechern anderer auszuweichen und nat\u00fcrliche den schr\u00e4gen Sound zu geniessen, waren wir alle genau so ersch\u00f6pft wie die Band!!<\/p>\n<p>Und den gem\u00fctlichen 20min Spaziergang nach Hause haben wir echt genossen. Auch wenn ich auf dem letzten paar Metern schon fast eingeschlafen bin. \ud83d\ude09<\/p>\n<p>&nbsp;<\/p>\n<p>Aber als kleiner Geheimtip =&gt; Atari Teenage Riot, mal reinh\u00f6ren und abh\u00fcpfen. =)<\/p>\n","protected":false},"excerpt":{"rendered":"<p>Schade, Video Upload funktioniert auch nicht wirklich \ud83d\ude09 &nbsp; Jedenfalls Samstag 21.05. war Konzert im Salzhaus. Mein erstes Salzhauskonzert seit ich in Winterthur bin (mein zweites, nach dem Legend\u00e4ren Floggin Molly Konzert und der Z\u00fcrich Bahnhofstrasse Nacht von 2003) Die Band &#8222;ATARI TEENAGE RIOT&#8220; wollte dem Publikum doll einheizen. Und weil doch P\u00e4scy die unbedingt &#8230; <a title=\"Atari Teenage Riot @ Salzhaus\" class=\"read-more\" href=\"https:\/\/develi.ch\/?p=231\">Read more<span class=\"screen-reader-text\">Atari Teenage Riot @ Salzhaus<\/span><\/a><\/p>\n","protected":false},"author":1,"featured_media":0,"comment_status":"open","ping_status":"closed","sticky":false,"template":"","format":"standard","meta":{"jetpack_post_was_ever_published":false,"_jetpack_newsletter_access":"","_jetpack_dont_email_post_to_subs":false,"_jetpack_newsletter_tier_id":0,"_jetpack_memberships_contains_paywalled_content":false,"_jetpack_memberships_contains_paid_content":false,"footnotes":"","jetpack_publicize_message":"","jetpack_publicize_feature_enabled":true,"jetpack_social_post_already_shared":false,"jetpack_social_options":{"image_generator_settings":{"template":"highway","default_image_id":0,"font":"","enabled":false},"version":2}},"categories":[11,12],"tags":[],"class_list":["post-231","post","type-post","status-publish","format-standard","hentry","category-sound-dance-party","category-winti"],"jetpack_publicize_connections":[],"jetpack_featured_media_url":"","jetpack_sharing_enabled":true,"jetpack_shortlink":"https:\/\/wp.me\/p674Fw-3J","jetpack_likes_enabled":true,"jetpack-related-posts":[{"id":477,"url":"https:\/\/develi.ch\/?p=477","url_meta":{"origin":231,"position":0},"title":"Ich bin umgezogen&#8230;..","author":"ivi","date":"5. August 2011","format":false,"excerpt":"Naja, eigentlich schon l\u00e4nger, aber anscheinend haben das der eine oder die andere gar nicht mitbekommen. =D Seit April 2010 wohne ich in Winterthur, an der T\u00f6sstalstrasse. Die T\u00f6sstalstrasse f\u00e4ngt irgendwo in der Mitte von Winterthur an und zieht sich \u00fcber Seen weiter durch das ganze T\u00f6sstal. Wieso ich nach\u2026","rel":"","context":"In &quot;ivis world&quot;","block_context":{"text":"ivis world","link":"https:\/\/develi.ch\/?cat=1019"},"img":{"alt_text":"","src":"https:\/\/i0.wp.com\/develi.ch\/wordpress\/wp-content\/uploads\/2011\/08\/gang-150x150.jpg?resize=350%2C200&ssl=1","width":350,"height":200},"classes":[]},{"id":4237,"url":"https:\/\/develi.ch\/?p=4237","url_meta":{"origin":231,"position":1},"title":"Was f\u00fcr ein Wochenende&#8230;","author":"ivi","date":"6. Juli 2015","format":false,"excerpt":"Da ich Freitags etwas l\u00e4nger als geplant im B\u00fcro war, konnten wir unseren Wochenendeeinkauf nicht schon am Freitag Abend erledigen. Gereicht hat es nur f\u00fcr den n\u00f6tigen Naschzeugs-Auff\u00fclleinkauf im Coop, in welchem wir irgendwie tats\u00e4chlich immer nur ungesundes und S\u00fcsses einkaufen. Auf jeden Fall mussten wir den Einkauf f\u00fcrs Wochenende\u2026","rel":"","context":"In &quot;Sound \/ Dance \/ Party&quot;","block_context":{"text":"Sound \/ Dance \/ Party","link":"https:\/\/develi.ch\/?cat=11"},"img":{"alt_text":"","src":"https:\/\/i0.wp.com\/develi.ch\/wp-content\/uploads\/2015\/07\/wpid-dsc_2291-150x150.jpg?resize=350%2C200&ssl=1","width":350,"height":200,"srcset":"https:\/\/i0.wp.com\/develi.ch\/wp-content\/uploads\/2015\/07\/wpid-dsc_2291-150x150.jpg?resize=350%2C200&ssl=1 1x, https:\/\/i0.wp.com\/develi.ch\/wp-content\/uploads\/2015\/07\/wpid-dsc_2291-150x150.jpg?resize=525%2C300&ssl=1 1.5x, https:\/\/i0.wp.com\/develi.ch\/wp-content\/uploads\/2015\/07\/wpid-dsc_2291-150x150.jpg?resize=700%2C400&ssl=1 2x"},"classes":[]},{"id":1384,"url":"https:\/\/develi.ch\/?p=1384","url_meta":{"origin":231,"position":2},"title":"Greenfield &#8211; Der R\u00fcckblick","author":"ivi","date":"29. Juni 2012","format":false,"excerpt":"Donnerstag Abend... Ich schreib noch ne Anatomie Pr\u00fcfung, obwohl meine Gedanken seit ner Woche eh schon nur noch im Berner Oberland verweilen. Egal, hab ich halt nicht wirklich viel gelernt. =) Im Fahrstuhl fragen mich zwei nette Herren, wieso ich den so L\u00e4chelnd in die Schule gehe, so strahlend sehe\u2026","rel":"","context":"In &quot;Sound \/ Dance \/ Party&quot;","block_context":{"text":"Sound \/ Dance \/ Party","link":"https:\/\/develi.ch\/?cat=11"},"img":{"alt_text":"","src":"https:\/\/i0.wp.com\/develi.ch\/wp-content\/uploads\/2015\/07\/wpid-img-20140228-wa0003-e1436899272977-150x150.jpg?resize=350%2C200&ssl=1","width":350,"height":200,"srcset":"https:\/\/i0.wp.com\/develi.ch\/wp-content\/uploads\/2015\/07\/wpid-img-20140228-wa0003-e1436899272977-150x150.jpg?resize=350%2C200&ssl=1 1x, https:\/\/i0.wp.com\/develi.ch\/wp-content\/uploads\/2015\/07\/wpid-img-20140228-wa0003-e1436899272977-150x150.jpg?resize=525%2C300&ssl=1 1.5x, https:\/\/i0.wp.com\/develi.ch\/wp-content\/uploads\/2015\/07\/wpid-img-20140228-wa0003-e1436899272977-150x150.jpg?resize=700%2C400&ssl=1 2x"},"classes":[]},{"id":6039,"url":"https:\/\/develi.ch\/?p=6039","url_meta":{"origin":231,"position":3},"title":"Hurts &#8211; Unplugged und passend zum Hochzeitstag","author":"ivi","date":"6. Oktober 2017","format":false,"excerpt":"F\u00fcr unser Hochzeitsapero hat mein Holder vor einem Jahr ein supersch\u00f6nes Wir-zwei-Video erstellt. Dabei hat er auch von Hurts das Lied \"Stay\" eingebaut: https:\/\/youtu.be\/oNxyrKT4y28 \u00a0 Also hab ich mich nat\u00fcrlich sehr gefreut, als ich f\u00fcr die Energy Live Session zwei Tickets f\u00fcr das Hurts Unplugged Konzert in Z\u00fcrich gewonnen habe,\u2026","rel":"","context":"In &quot;Sound \/ Dance \/ Party&quot;","block_context":{"text":"Sound \/ Dance \/ Party","link":"https:\/\/develi.ch\/?cat=11"},"img":{"alt_text":"","src":"https:\/\/i0.wp.com\/develi.ch\/wp-content\/uploads\/2017\/11\/dsc_39911285132197.jpg?resize=350%2C200&ssl=1","width":350,"height":200,"srcset":"https:\/\/i0.wp.com\/develi.ch\/wp-content\/uploads\/2017\/11\/dsc_39911285132197.jpg?resize=350%2C200&ssl=1 1x, https:\/\/i0.wp.com\/develi.ch\/wp-content\/uploads\/2017\/11\/dsc_39911285132197.jpg?resize=525%2C300&ssl=1 1.5x, https:\/\/i0.wp.com\/develi.ch\/wp-content\/uploads\/2017\/11\/dsc_39911285132197.jpg?resize=700%2C400&ssl=1 2x"},"classes":[]},{"id":4054,"url":"https:\/\/develi.ch\/?p=4054","url_meta":{"origin":231,"position":4},"title":"Putzfrau &#8211; Segen oder Fluch?","author":"ivi","date":"21. Mai 2015","format":false,"excerpt":"Letztes Jahr hab ich in einem Gespr\u00e4ch mit einer Arbeitskollegin, welche von ihrer erste und neuen Putzfrau erz\u00e4hlt hat, beschlossen, das ich auch eine Putzfrau anstellen m\u00f6chte. Also nicht lange gefackelt (mache ich eigentlich nie..) und bei der Putzfrauen Agentur in Winterthur angefragt, ob jemand verf\u00fcgbar w\u00e4re. Danach erste Wohnungsbesichtigung\u2026","rel":"","context":"In &quot;Winterthur&quot;","block_context":{"text":"Winterthur","link":"https:\/\/develi.ch\/?cat=12"},"img":{"alt_text":"","src":"","width":0,"height":0},"classes":[]},{"id":4587,"url":"https:\/\/develi.ch\/?p=4587","url_meta":{"origin":231,"position":5},"title":"S\u00fcss &#038; Vegan in Winterthur","author":"ivi","date":"20. April 2016","format":false,"excerpt":"Mit diesem Aufruf hat der Tante Emma Laden S\u00fcss & Vegan aus Winterthur auf 100 Days einen Hilfeschrei abgesetzt: !Baustelle! S\u00fcss und Vegan - Konditorei & Tante Emma Laden - \u00a0Wir sind ein gem\u00fctlicher Quartierladen hinter dem Hauptbahnhof Winterthur & brauchen eure Hilfe. \u00a0Seit Februar haben wir eine Baustelle vor\u2026","rel":"","context":"In &quot;In der K\u00fcche&quot;","block_context":{"text":"In der K\u00fcche","link":"https:\/\/develi.ch\/?cat=8"},"img":{"alt_text":"","src":"https:\/\/i0.wp.com\/www.s\u00fcssundvegan.com\/images\/maria-logo1-large.jpg?resize=350%2C200","width":350,"height":200},"classes":[]}],"_links":{"self":[{"href":"https:\/\/develi.ch\/index.php?rest_route=\/wp\/v2\/posts\/231","targetHints":{"allow":["GET"]}}],"collection":[{"href":"https:\/\/develi.ch\/index.php?rest_route=\/wp\/v2\/posts"}],"about":[{"href":"https:\/\/develi.ch\/index.php?rest_route=\/wp\/v2\/types\/post"}],"author":[{"embeddable":true,"href":"https:\/\/develi.ch\/index.php?rest_route=\/wp\/v2\/users\/1"}],"replies":[{"embeddable":true,"href":"https:\/\/develi.ch\/index.php?rest_route=%2Fwp%2Fv2%2Fcomments&post=231"}],"version-history":[{"count":0,"href":"https:\/\/develi.ch\/index.php?rest_route=\/wp\/v2\/posts\/231\/revisions"}],"wp:attachment":[{"href":"https:\/\/develi.ch\/index.php?rest_route=%2Fwp%2Fv2%2Fmedia&parent=231"}],"wp:term":[{"taxonomy":"category","embeddable":true,"href":"https:\/\/develi.ch\/index.php?rest_route=%2Fwp%2Fv2%2Fcategories&post=231"},{"taxonomy":"post_tag","embeddable":true,"href":"https:\/\/develi.ch\/index.php?rest_route=%2Fwp%2Fv2%2Ftags&post=231"}],"curies":[{"name":"wp","href":"https:\/\/api.w.org\/{rel}","templated":true}]}}