{"id":219,"date":"2011-05-12T07:18:22","date_gmt":"2011-05-12T05:18:22","guid":{"rendered":"https:\/\/develi.ch\/wordpress\/?p=219"},"modified":"2018-07-26T12:57:43","modified_gmt":"2018-07-26T10:57:43","slug":"buffy-im-bann-der-damonen","status":"publish","type":"post","link":"https:\/\/develi.ch\/?p=219","title":{"rendered":"Serie: Buffy \u2013  Im Bann der D\u00e4monen"},"content":{"rendered":"<p>\u00a0Wer kennt sie nicht? Naja, oke, die J\u00fcngere Generation eventuell \ud83d\ude09<\/p>\n<p><a href=\"http:\/\/de.wikipedia.org\/wiki\/Buffy_%E2%80%93_Im_Bann_der_D%C3%A4monen\">http:\/\/de.wikipedia.org\/wiki\/Buffy_%E2%80%93_Im_Bann_der_D%C3%A4monen<\/a><\/p>\n<p>Aber fr\u00fcher (so vor \u00fcber 10 Jahren) lief die Serie \u201eBuffy \u2013 Im Bann der D\u00e4monen\u201c auf Pro7 w\u00f6chentlich und zeigte eine sportlich und k\u00e4mpferische Sarah Michelle Gellar (heute: Sarah Michelle Prinze) als Buffy und ihre Freunde im Kampf gegen die b\u00f6se und dunkle Seite. (Na, hier fragt sich der Schreiber, wohin in diesem Zusammenhang den die \u201eSchwarze Schweiz\u201c geh\u00f6rt? Zur Dunklen Seite? *har*)<\/p>\n<p>\u00a0<\/p>\n<p>Naja, wer interessiert sich schon f\u00fcr so alte Serien?<\/p>\n<p>&#8230;&#8230;&#8230;&#8230;.<\/p>\n<p>Na ich doch! Als ich letztes Jahr per Zufall beim Programm studieren auf die Buffy Serie, Staffel 1, Serie 1 stiesse und gleich im anschluss Folge 2 und 3 ausgestahlt wurden, musste ich diese nat\u00fcrlich aufnehmen und mal reingucken.<\/p>\n<p>Die Machart der Serie ist f\u00fcr die damalige Zeit eigentlich ziemlich cool, auch hat es noch sehr viele meisterhafte Kost\u00fcme, anstelle von schlechten Computeranimationen. Jedenfalls nach dem der Sender es geschaft hatte, ein paar Folgend nicht zu den angegebenen Zeiten zu senden und ich daher wichtiges irgendwie immer verpasst habe, hab ich mir die komplett Box geholt.<\/p>\n<p>\u00a0<img loading=\"lazy\" decoding=\"async\" class=\"alignnone\" title=\"Buffy komplett Box\" src=\"http:\/\/dvdschnaeppchen.de\/wp-content\/uploads\/2010\/08\/buffy-komplett.jpg\" alt=\"\" width=\"194\" height=\"216\" \/><\/p>\n<p>\u00a0<\/p>\n<p>Aktuell bin ich fertig mit Staffel 6 und hab irgendwie Angst die letzte Staffel zu starten. Denn irgendwie sind mir die Darsteller doch ans Herz gewachsen. Meno, das selbe Dilemma wie be \u201eFriends\u201c und \u201eGilmore Girls\u201c&#8230;. Verflucht seist Du, D\u00e4mon der unterhaltsamen Serien, der du uns Wehrlosen nochweitere Staffeln verweigerst&#8230;.<\/p>\n<p>Die Thematik ist immer gleich, pro Staffel gibt es einen B\u00f6sewicht, der gegen Ende der Staffel irgendwie sterben sollte, da ansonsten die Welt untergeht. Da sich die Geschichten aber immer weiter entwickeln, wird das ganze nicht langweilig, und durch die Abwechslungsreichen Ideen der Autoren, kommen auch immer wieder neue Figuren und D\u00e4monen zum Vorschein.<\/p>\n<p>\u00a0<\/p>\n<p>Daher, mein Filmtipp f\u00fcr heute =&gt; Kauft euch die Buffy Box =) Dann bin ich nicht mehr die einzige die mit den Darstellern mitleidet, b\u00f6se ist und manchmal stundenlang dar\u00fcber nachgr\u00fcbelt.<\/p>\n<p>Und solltet Ihr Vampire sein =&gt; Geht doch mal nach Sunnydale \ud83d\ude09<\/p>\n","protected":false},"excerpt":{"rendered":"<p>\u00a0Wer kennt sie nicht? Naja, oke, die J\u00fcngere Generation eventuell \ud83d\ude09 http:\/\/de.wikipedia.org\/wiki\/Buffy_%E2%80%93_Im_Bann_der_D%C3%A4monen Aber fr\u00fcher (so vor \u00fcber 10 Jahren) lief die Serie \u201eBuffy \u2013 Im Bann der D\u00e4monen\u201c auf Pro7 w\u00f6chentlich und zeigte eine sportlich und k\u00e4mpferische Sarah Michelle Gellar (heute: Sarah Michelle Prinze) als Buffy und ihre Freunde im Kampf gegen die b\u00f6se und &#8230; <a title=\"Serie: Buffy \u2013  Im Bann der D\u00e4monen\" class=\"read-more\" href=\"https:\/\/develi.ch\/?p=219\">Read more<span class=\"screen-reader-text\">Serie: Buffy \u2013  Im Bann der D\u00e4monen<\/span><\/a><\/p>\n","protected":false},"author":1,"featured_media":0,"comment_status":"open","ping_status":"closed","sticky":false,"template":"","format":"standard","meta":{"jetpack_post_was_ever_published":false,"_jetpack_newsletter_access":"","_jetpack_dont_email_post_to_subs":false,"_jetpack_newsletter_tier_id":0,"_jetpack_memberships_contains_paywalled_content":false,"_jetpack_memberships_contains_paid_content":false,"footnotes":"","jetpack_publicize_message":"","jetpack_publicize_feature_enabled":true,"jetpack_social_post_already_shared":false,"jetpack_social_options":{"image_generator_settings":{"template":"highway","default_image_id":0,"font":"","enabled":false},"version":2}},"categories":[1186],"tags":[],"class_list":["post-219","post","type-post","status-publish","format-standard","hentry","category-bfs"],"jetpack_publicize_connections":[],"jetpack_featured_media_url":"","jetpack_sharing_enabled":true,"jetpack_shortlink":"https:\/\/wp.me\/p674Fw-3x","jetpack_likes_enabled":true,"jetpack-related-posts":[{"id":1195,"url":"https:\/\/develi.ch\/?p=1195","url_meta":{"origin":219,"position":0},"title":"AustauschLinks?","author":"ivi","date":"7. M\u00e4rz 2012","format":false,"excerpt":"Heute in meinem WebmailPostfach: \"Hallo, \u00a0Mein Name ist XXXXXX und ich bin der Webmaster von Austausch Links Nebenbei arbeite ich auch f\u00fcr meine anderen Projekt-Webseiten und dadurch stie\u00df ich auf develi.ch und ich sch\u00e4tze wirklich das gute Design und die Informationen. Ich habe Seiten von sehr guter Qualit\u00e4t , von\u2026","rel":"","context":"In &quot;ivis world&quot;","block_context":{"text":"ivis world","link":"https:\/\/develi.ch\/?cat=1019"},"img":{"alt_text":"","src":"https:\/\/i0.wp.com\/develi.ch\/wordpress\/wp-content\/uploads\/2012\/03\/austausch.jpg?resize=350%2C200&ssl=1","width":350,"height":200,"srcset":"https:\/\/i0.wp.com\/develi.ch\/wordpress\/wp-content\/uploads\/2012\/03\/austausch.jpg?resize=350%2C200&ssl=1 1x, https:\/\/i0.wp.com\/develi.ch\/wordpress\/wp-content\/uploads\/2012\/03\/austausch.jpg?resize=525%2C300&ssl=1 1.5x"},"classes":[]},{"id":1234,"url":"https:\/\/develi.ch\/?p=1234","url_meta":{"origin":219,"position":1},"title":"Ich mag keine&#8230;.","author":"ivi","date":"21. M\u00e4rz 2012","format":false,"excerpt":"Stalker! So, jetzt ist es raus! Ich mag die einfach nicht... Ich weiss, ich bin tierisch rassistisch, aber die Rasse Stalker find ich pers\u00f6nlich total \u00fcberfl\u00fcsssig. Vorallem wenn ich selber t\u00e4glich 15min fr\u00fcher aufstehen muss, um einem von denen aus dem Weg zu gehen. Angefangen hat es im Januar, als\u2026","rel":"","context":"In &quot;ivis world&quot;","block_context":{"text":"ivis world","link":"https:\/\/develi.ch\/?cat=1019"},"img":{"alt_text":"","src":"","width":0,"height":0},"classes":[]},{"id":3874,"url":"https:\/\/develi.ch\/?p=3874","url_meta":{"origin":219,"position":2},"title":"Aufger\u00e4umt&#8230;","author":"ivi","date":"30. April 2015","format":false,"excerpt":"So, develi ist nun wieder da wos eigentlich hingeh\u00f6rt... L\u00e4ngere Zeit war die Hauptseite in einem z Unterverzeichnis, was mich pers\u00f6nlich wohl mehr generft hat, als alle Besucher zusammen. Auch hab ichs endlich geschaft, die Bilder der letzten und vorletzten Installation in den richtigen Struktur zu verr\u00e4umen. Das heisst, man\u2026","rel":"","context":"In &quot;ivis world&quot;","block_context":{"text":"ivis world","link":"https:\/\/develi.ch\/?cat=1019"},"img":{"alt_text":"","src":"","width":0,"height":0},"classes":[]},{"id":723,"url":"https:\/\/develi.ch\/?p=723","url_meta":{"origin":219,"position":3},"title":"Was f\u00fcr Vollpfosten machen den sowas?","author":"ivi","date":"8. September 2011","format":false,"excerpt":"Heute Morgen, 8:01.. Ich sitze im Auto und fahre los..\u00a0Unser Auto h\u00f6rt sich noch merkw\u00fcrdiger an als sonst. Also mal zum Ausgang der Einstellhalle gefahren und irgendwie hab ich das Gef\u00fchl als h\u00e4tte das Auto nen Platten. Weils ja nicht sein kann, erst mal vors Tor gefahren. Dann aber doch\u2026","rel":"","context":"In &quot;ivis world&quot;","block_context":{"text":"ivis world","link":"https:\/\/develi.ch\/?cat=1019"},"img":{"alt_text":"","src":"https:\/\/i0.wp.com\/develi.ch\/wordpress\/wp-content\/uploads\/2011\/09\/rubber_film.jpg?resize=350%2C200&ssl=1","width":350,"height":200},"classes":[]},{"id":1862,"url":"https:\/\/develi.ch\/?p=1862","url_meta":{"origin":219,"position":4},"title":"Ich bin ein Stadt-Blogger =D","author":"ivi","date":"2. Juni 2013","format":false,"excerpt":"Letzte Woche, Montag Morgen um halb Zehn. In Deutschland w\u00fcrde es nun ein Knoppers geben ;)\u00a0 Bei mir nicht. *hmpf* Daf\u00fcr kommt meine Arbeitskollegin in mein B\u00fcro und sagt \"Hey, ich hab dich im Internet gesehen, bei RonOrp, da hat's ein Foto und\u00a0warum schreibt der \u00fcber dich oder hast du\u2026","rel":"","context":"In &quot;Winterthur&quot;","block_context":{"text":"Winterthur","link":"https:\/\/develi.ch\/?cat=12"},"img":{"alt_text":"ronorp","src":"https:\/\/i0.wp.com\/develi.ch\/wordpress\/wp-content\/uploads\/2013\/06\/ronorp.jpg?resize=350%2C200&ssl=1","width":350,"height":200,"srcset":"https:\/\/i0.wp.com\/develi.ch\/wordpress\/wp-content\/uploads\/2013\/06\/ronorp.jpg?resize=350%2C200&ssl=1 1x, https:\/\/i0.wp.com\/develi.ch\/wordpress\/wp-content\/uploads\/2013\/06\/ronorp.jpg?resize=525%2C300&ssl=1 1.5x"},"classes":[]},{"id":6364,"url":"https:\/\/develi.ch\/?p=6364","url_meta":{"origin":219,"position":5},"title":"Das gr\u00fcne Einhorn","author":"ivi","date":"4. M\u00e4rz 2018","format":false,"excerpt":"\u201eNach allgemeinem Konsens sieht ein Einhorn ja relativ elegant aus, halt wie ein Pferd, meistens weiss, mit Horn. Da aber kein (n\u00fcchterner) Mensch in meinem Umfeld jemals ein Einhorn gesehen hat, frage ich mich warum unsere Vorstellung \u00fcber ein Fabelwesen dermassen gefestigt ist.\u201c \u2013 Ben Kirch, 2015 M\u00fchsam navigierte George\u2026","rel":"","context":"In &quot;Worte&quot;","block_context":{"text":"Worte","link":"https:\/\/develi.ch\/?cat=13"},"img":{"alt_text":"MagieSkala","src":"https:\/\/i2.wp.com\/develi.ch\/wp-content\/uploads\/2015\/08\/MagieSkala.jpg?resize=350%2C200","width":350,"height":200},"classes":[]}],"_links":{"self":[{"href":"https:\/\/develi.ch\/index.php?rest_route=\/wp\/v2\/posts\/219","targetHints":{"allow":["GET"]}}],"collection":[{"href":"https:\/\/develi.ch\/index.php?rest_route=\/wp\/v2\/posts"}],"about":[{"href":"https:\/\/develi.ch\/index.php?rest_route=\/wp\/v2\/types\/post"}],"author":[{"embeddable":true,"href":"https:\/\/develi.ch\/index.php?rest_route=\/wp\/v2\/users\/1"}],"replies":[{"embeddable":true,"href":"https:\/\/develi.ch\/index.php?rest_route=%2Fwp%2Fv2%2Fcomments&post=219"}],"version-history":[{"count":1,"href":"https:\/\/develi.ch\/index.php?rest_route=\/wp\/v2\/posts\/219\/revisions"}],"predecessor-version":[{"id":6466,"href":"https:\/\/develi.ch\/index.php?rest_route=\/wp\/v2\/posts\/219\/revisions\/6466"}],"wp:attachment":[{"href":"https:\/\/develi.ch\/index.php?rest_route=%2Fwp%2Fv2%2Fmedia&parent=219"}],"wp:term":[{"taxonomy":"category","embeddable":true,"href":"https:\/\/develi.ch\/index.php?rest_route=%2Fwp%2Fv2%2Fcategories&post=219"},{"taxonomy":"post_tag","embeddable":true,"href":"https:\/\/develi.ch\/index.php?rest_route=%2Fwp%2Fv2%2Ftags&post=219"}],"curies":[{"name":"wp","href":"https:\/\/api.w.org\/{rel}","templated":true}]}}