{"id":215,"date":"2011-05-10T07:27:34","date_gmt":"2011-05-10T06:27:34","guid":{"rendered":"https:\/\/develi.ch\/wordpress\/?p=215"},"modified":"2015-05-05T20:39:58","modified_gmt":"2015-05-05T18:39:58","slug":"wie-das-leben-manchmal-spielt","status":"publish","type":"post","link":"https:\/\/develi.ch\/?p=215","title":{"rendered":"Wie das Leben manchmal spielt&#8230;"},"content":{"rendered":"<p>Als ich mich letztens mal gelangweilt habe, hab ich nach meiner Stecherin (Tattoowiererin) gegooglet. Wie man das halt manchmal so macht bei Leuten die man interessant findet. Und da ich develi.ch ja schon kenne (hahahahaha..) Na, ihr wisst schon \ud83d\ude09<\/p>\n<p>Jedenfalls finde ich nen Beitrag im Netz, mit fragen zu Ihr und dem Nick \u201edevelli\u201c. Merkw\u00fcrdig, ich kann mich gar nicht erinnern inem Forum Fragen zu Ihr gestellt zu haben. Noch dazu mit falsch geschriebenem Nick. =) Also bisschen recherchiert und tats\u00e4chlich, das war nicht ich, die da Fragen gestellt hat.<\/p>\n<p>Und nun kommts:<\/p>\n<p>Die betreffende Person hat nicht nur fast den selben Nick wie ich, n\u00f6, viel geiler =&gt; Die Person wird auch gleich genannt wie ich. Oder jedenfalls fast.<\/p>\n<p>Leute die mich kennen, wissen das ich seit Jahren nur noch als \u201eivi\u201c bekannt bin&#8230; abwandlung von Eve, kurzform von was l\u00e4ngerem. Die Person \u201edevelli\u201c heisst eigentlich Yvi (auch kurzform von was l\u00e4ngerem) und wird je nach Freunde auch Eve genannt.<\/p>\n<p>Und das Beste ist, das M\u00e4del l\u00e4sst sich ne Erinnerung an ihren verstorbenen Hund stechen, w\u00e4hrend auf meinen Rippen schon vor\u00a0ein paar Jahre ein Memorian-Pfotenabdruck f\u00fcr unseren alten Kater geinkt wurde.<\/p>\n<p>Na, wenn das nicht ein lustiger Zufall ist!<\/p>\n<p>Gleicher Netznick, \u00e4hnliches Spitznamen Wortspiel und vorallem gleiche Stecherin! =D<\/p>\n<p>&nbsp;<\/p>\n<p>Hattet Ihr auch schon so interessante, merkw\u00fcrdige, lustige Geschichten im Netz?<\/p>\n<p>Dann h\u00fc\u00fc\u00fc\u00fc, schreiben! =D<\/p>\n","protected":false},"excerpt":{"rendered":"<p>Als ich mich letztens mal gelangweilt habe, hab ich nach meiner Stecherin (Tattoowiererin) gegooglet. Wie man das halt manchmal so macht bei Leuten die man interessant findet. Und da ich develi.ch ja schon kenne (hahahahaha..) Na, ihr wisst schon \ud83d\ude09 Jedenfalls finde ich nen Beitrag im Netz, mit fragen zu Ihr und dem Nick \u201edevelli\u201c. &#8230; <a title=\"Wie das Leben manchmal spielt&#8230;\" class=\"read-more\" href=\"https:\/\/develi.ch\/?p=215\">Read more<span class=\"screen-reader-text\">Wie das Leben manchmal spielt&#8230;<\/span><\/a><\/p>\n","protected":false},"author":1,"featured_media":0,"comment_status":"open","ping_status":"closed","sticky":false,"template":"","format":"standard","meta":{"jetpack_post_was_ever_published":false,"_jetpack_newsletter_access":"","_jetpack_dont_email_post_to_subs":false,"_jetpack_newsletter_tier_id":0,"_jetpack_memberships_contains_paywalled_content":false,"_jetpack_memberships_contains_paid_content":false,"footnotes":"","jetpack_publicize_message":"","jetpack_publicize_feature_enabled":true,"jetpack_social_post_already_shared":false,"jetpack_social_options":{"image_generator_settings":{"template":"highway","default_image_id":0,"font":"","enabled":false},"version":2}},"categories":[1019],"tags":[],"class_list":["post-215","post","type-post","status-publish","format-standard","hentry","category-ivis-world"],"jetpack_publicize_connections":[],"jetpack_featured_media_url":"","jetpack_sharing_enabled":true,"jetpack_shortlink":"https:\/\/wp.me\/p674Fw-3t","jetpack_likes_enabled":true,"jetpack-related-posts":[{"id":31,"url":"https:\/\/develi.ch\/?p=31","url_meta":{"origin":215,"position":0},"title":"&#8222;Wer-Tr\u00e4ume&#8220; &#8211; Wenn Schlafen lustig wird&#8230;. =)","author":"ivi","date":"20. Dezember 2010","format":false,"excerpt":"Werw\u00f6lfe sind ja so ein allgemein bekanntes Ding, von dennen man weiss zu Vollmond N\u00e4chten sind die unterwegs. Bei mir sind das immer die \u201eWer-Tr\u00e4ume\u201c... da ich auf Vollmond reagiere, schlafe ich in diesen N\u00e4chten entweder gar nicht oder ich tr\u00e4ume vollkommenen Schwachsinn. Hier zwei Beispiele von den letzten Vollmond\u2026","rel":"","context":"In &quot;ivis world&quot;","block_context":{"text":"ivis world","link":"https:\/\/develi.ch\/?cat=1019"},"img":{"alt_text":"","src":"","width":0,"height":0},"classes":[]},{"id":1794,"url":"https:\/\/develi.ch\/?p=1794","url_meta":{"origin":215,"position":1},"title":"Wie erschreckt man Leute?","author":"ivi","date":"3. M\u00e4rz 2013","format":false,"excerpt":"Den Blog hab ich gerade gefunden, das Datum dabei ist der 16.10.2007.. Sehr aktuell gerade, da ich in letzter Zeit wegen allem und jedem in Filmen erschrecke =) Mein Holder kann zum Gl\u00fcck im Voraussagen, wann ich erschrecken werde.. ;)\u00a0\u00a0 Wie man mich erschrecken kann ist vielen schon ziemlich oft\u2026","rel":"","context":"In &quot;Sound \/ Dance \/ Party&quot;","block_context":{"text":"Sound \/ Dance \/ Party","link":"https:\/\/develi.ch\/?cat=11"},"img":{"alt_text":"","src":"","width":0,"height":0},"classes":[]},{"id":1384,"url":"https:\/\/develi.ch\/?p=1384","url_meta":{"origin":215,"position":2},"title":"Greenfield &#8211; Der R\u00fcckblick","author":"ivi","date":"29. Juni 2012","format":false,"excerpt":"Donnerstag Abend... Ich schreib noch ne Anatomie Pr\u00fcfung, obwohl meine Gedanken seit ner Woche eh schon nur noch im Berner Oberland verweilen. Egal, hab ich halt nicht wirklich viel gelernt. =) Im Fahrstuhl fragen mich zwei nette Herren, wieso ich den so L\u00e4chelnd in die Schule gehe, so strahlend sehe\u2026","rel":"","context":"In &quot;Sound \/ Dance \/ Party&quot;","block_context":{"text":"Sound \/ Dance \/ Party","link":"https:\/\/develi.ch\/?cat=11"},"img":{"alt_text":"","src":"https:\/\/i0.wp.com\/develi.ch\/wp-content\/uploads\/2015\/07\/wpid-img-20140228-wa0003-e1436899272977-150x150.jpg?resize=350%2C200&ssl=1","width":350,"height":200,"srcset":"https:\/\/i0.wp.com\/develi.ch\/wp-content\/uploads\/2015\/07\/wpid-img-20140228-wa0003-e1436899272977-150x150.jpg?resize=350%2C200&ssl=1 1x, https:\/\/i0.wp.com\/develi.ch\/wp-content\/uploads\/2015\/07\/wpid-img-20140228-wa0003-e1436899272977-150x150.jpg?resize=525%2C300&ssl=1 1.5x, https:\/\/i0.wp.com\/develi.ch\/wp-content\/uploads\/2015\/07\/wpid-img-20140228-wa0003-e1436899272977-150x150.jpg?resize=700%2C400&ssl=1 2x"},"classes":[]},{"id":5791,"url":"https:\/\/develi.ch\/?p=5791","url_meta":{"origin":215,"position":3},"title":"Tage, die es nicht geben sollte","author":"ivi","date":"21. Juli 2017","format":false,"excerpt":"Der 20. Juli 2017 geh\u00f6rt f\u00fcr mich in diese Kategorie. angefangen schon um 01:30, als unser Kr\u00fcmel sich und uns mit lautem Geschrei aus dem Schlaf geholt hat. Nachdem auch wirklich alles versucht war, war klar, Kr\u00fcmel geht es nicht gut. Nur wie gut\/schlecht? Fieber hatte er noch nicht, aber\u2026","rel":"","context":"In &quot;Sound \/ Dance \/ Party&quot;","block_context":{"text":"Sound \/ Dance \/ Party","link":"https:\/\/develi.ch\/?cat=11"},"img":{"alt_text":"","src":"https:\/\/i0.wp.com\/develi.ch\/wp-content\/uploads\/2014\/07\/IMG_1874.jpg?resize=350%2C200&ssl=1","width":350,"height":200,"srcset":"https:\/\/i0.wp.com\/develi.ch\/wp-content\/uploads\/2014\/07\/IMG_1874.jpg?resize=350%2C200&ssl=1 1x, https:\/\/i0.wp.com\/develi.ch\/wp-content\/uploads\/2014\/07\/IMG_1874.jpg?resize=525%2C300&ssl=1 1.5x, https:\/\/i0.wp.com\/develi.ch\/wp-content\/uploads\/2014\/07\/IMG_1874.jpg?resize=700%2C400&ssl=1 2x"},"classes":[]},{"id":7000,"url":"https:\/\/develi.ch\/?p=7000","url_meta":{"origin":215,"position":4},"title":"Greenfield 2024 &#8211; Bericht","author":"ivi","date":"13. August 2024","format":false,"excerpt":"Mittwoch Es ist Mittwoch. Dieser eine Mittwoch im Jahr, direkt vor dem langen Greenfield Festival. Ich habe gepackt und bin bereit, ins Berner Oberland zu fahren. Zuerst fahre ich noch einen kleinen Umweg durch das Emmental, um meine Mam zu besuchen. Eigentlich w\u00e4re sie aktuell im Urlaub, aber war krank\u2026","rel":"","context":"In &quot;ivis world&quot;","block_context":{"text":"ivis world","link":"https:\/\/develi.ch\/?cat=1019"},"img":{"alt_text":"","src":"https:\/\/i0.wp.com\/develi.ch\/wp-content\/uploads\/2025\/05\/IMG-20240612-WA0007-150x150.jpeg?resize=350%2C200&ssl=1","width":350,"height":200,"srcset":"https:\/\/i0.wp.com\/develi.ch\/wp-content\/uploads\/2025\/05\/IMG-20240612-WA0007-150x150.jpeg?resize=350%2C200&ssl=1 1x, https:\/\/i0.wp.com\/develi.ch\/wp-content\/uploads\/2025\/05\/IMG-20240612-WA0007-150x150.jpeg?resize=525%2C300&ssl=1 1.5x, https:\/\/i0.wp.com\/develi.ch\/wp-content\/uploads\/2025\/05\/IMG-20240612-WA0007-150x150.jpeg?resize=700%2C400&ssl=1 2x, https:\/\/i0.wp.com\/develi.ch\/wp-content\/uploads\/2025\/05\/IMG-20240612-WA0007-150x150.jpeg?resize=1050%2C600&ssl=1 3x, https:\/\/i0.wp.com\/develi.ch\/wp-content\/uploads\/2025\/05\/IMG-20240612-WA0007-150x150.jpeg?resize=1400%2C800&ssl=1 4x"},"classes":[]},{"id":3897,"url":"https:\/\/develi.ch\/?p=3897","url_meta":{"origin":215,"position":5},"title":"Radfahren in Winterthur","author":"ivi","date":"8. Mai 2015","format":false,"excerpt":"Freitag, 17:00 Ich gucke aus dem Fenster von meinem B\u00fcro und \u00fcberlege mir, ob es wohl wie geplant Hotdogs zum Abendessen geben wird, oder ob wir ohne Brot mal wieder improvisieren m\u00fcssen. Gleichzeitig studiere ich das Wetter und rechne die Chancen f\u00fcr mich aus, noch vor dem Regen nach Hause\u2026","rel":"","context":"In &quot;Winterthur&quot;","block_context":{"text":"Winterthur","link":"https:\/\/develi.ch\/?cat=12"},"img":{"alt_text":"","src":"","width":0,"height":0},"classes":[]}],"_links":{"self":[{"href":"https:\/\/develi.ch\/index.php?rest_route=\/wp\/v2\/posts\/215","targetHints":{"allow":["GET"]}}],"collection":[{"href":"https:\/\/develi.ch\/index.php?rest_route=\/wp\/v2\/posts"}],"about":[{"href":"https:\/\/develi.ch\/index.php?rest_route=\/wp\/v2\/types\/post"}],"author":[{"embeddable":true,"href":"https:\/\/develi.ch\/index.php?rest_route=\/wp\/v2\/users\/1"}],"replies":[{"embeddable":true,"href":"https:\/\/develi.ch\/index.php?rest_route=%2Fwp%2Fv2%2Fcomments&post=215"}],"version-history":[{"count":1,"href":"https:\/\/develi.ch\/index.php?rest_route=\/wp\/v2\/posts\/215\/revisions"}],"predecessor-version":[{"id":3900,"href":"https:\/\/develi.ch\/index.php?rest_route=\/wp\/v2\/posts\/215\/revisions\/3900"}],"wp:attachment":[{"href":"https:\/\/develi.ch\/index.php?rest_route=%2Fwp%2Fv2%2Fmedia&parent=215"}],"wp:term":[{"taxonomy":"category","embeddable":true,"href":"https:\/\/develi.ch\/index.php?rest_route=%2Fwp%2Fv2%2Fcategories&post=215"},{"taxonomy":"post_tag","embeddable":true,"href":"https:\/\/develi.ch\/index.php?rest_route=%2Fwp%2Fv2%2Ftags&post=215"}],"curies":[{"name":"wp","href":"https:\/\/api.w.org\/{rel}","templated":true}]}}