{"id":209,"date":"2011-05-09T20:36:33","date_gmt":"2011-05-09T19:36:33","guid":{"rendered":"https:\/\/develi.ch\/wordpress\/?p=209"},"modified":"2015-05-05T20:47:22","modified_gmt":"2015-05-05T18:47:22","slug":"ein-blog-eintrag-zur-sonic-fur-michael-g","status":"publish","type":"post","link":"https:\/\/develi.ch\/?p=209","title":{"rendered":"Ein Blog Eintrag zur Sonic f\u00fcr Michael G.! =)"},"content":{"rendered":"<p>Lieber Michael,<\/p>\n<p>Vielen Dank f\u00fcr deine Info an mich, das jemand regelm\u00e4ssig develi.ch besucht. =) Ich werde mich daher bem\u00fchen, nicht wieder nen Monat zu warten um die News und den Blog aktuell zu halten \ud83d\ude09<\/p>\n<p>Da der Blog nat\u00fcrlich nicht nur einfach bla sein sollt, mach ich noch nen kleinen Bericht zur Sonic 16 &#8211; Underwater Edition (mit der Froschlaich und den Tintenfisch\/Seestern Mutanten Deko)<\/p>\n<p>eigentlich war meine Motivation nach Basel zu fahren nicht wirklich vorhanden. Aber schlau wie ich bin (und ich kenne mich doch ein zimliches St\u00fcck \ud83d\ude09 ) hab ich ein Ticket beinem super guten Freund noch reservieren k\u00f6nnen und so hatte ich nen super Grund nicht abzusagen. (H\u00e4tte ich kein Ticket gehabt w\u00e4re ich ev pl\u00f6tzlich viel zu m\u00fcde gewesen&#8230; ich kenn mich Pappenheimer doch langsam.. =) )<\/p>\n<p>Jedenfalls erst auf der Fahrt zu Claudio wurde ich so richtig partygeil und bei ihm angekommen hatte ich schon totale Partylaune =) Jeeeeyyy =D<\/p>\n<p>In Basel erwartete uns schon der Rest der eher kleinen Partytruppe und ab gings ins Get\u00fcmmel&#8230;..<\/p>\n<p>Ich muss hier gestehen, ich habe von der ganzen Party nur den Main und den HC Floor gesehen \ud83d\ude09 Aber hey, man muss ja langsam wider in fahrt kommen \ud83d\ude09 Daf\u00fcr habe ich Leute getroffen, die ich seit Jahren nie mehr gesehn hatte, manches liebe Freunde, ander einfach Menschen. (Lieber Mike, du geh\u00f6rst nat\u00fcrlich u den ersteren \ud83d\ude09 )<\/p>\n<p>Lustig wars, nur sind wir uns einig, das man f\u00fcr manche Menschen Drogen definitiv legalisieren sollte! OOOOhhhhh, jaaaaaa!<\/p>\n<p>Nach einer langen Tanznacht, giengs irgendwan um die 04:00 wieder Richtung nach Hause. zuerst wieder zu Claudio (danke nochmals f\u00fcrs Fahren) und danach mit H\u00f6rbuch im Radio zur\u00fcck nach Winti.<\/p>\n<p>Folgendes Bild wurde um 05:18 auf unserem Balkon aufgenommen:<\/p>\n<p><a href=\"https:\/\/develi.ch\/wp-content\/uploads\/2015\/05\/wpid-dsc_0062-e1430851631265.jpg\"><img loading=\"lazy\" decoding=\"async\" class=\"alignnone size-medium wp-image-3902\" src=\"https:\/\/develi.ch\/wp-content\/uploads\/2015\/05\/wpid-dsc_0062-e1430851631265-169x300.jpg\" alt=\"wpid-dsc_0062.jpg\" width=\"169\" height=\"300\" srcset=\"https:\/\/develi.ch\/wp-content\/uploads\/2015\/05\/wpid-dsc_0062-e1430851631265-169x300.jpg 169w, https:\/\/develi.ch\/wp-content\/uploads\/2015\/05\/wpid-dsc_0062-e1430851631265.jpg 576w\" sizes=\"auto, (max-width: 169px) 100vw, 169px\" \/><\/a><\/p>\n<p>Danach durfte ich mich zu meinem Candyman ins warme Bett kuscheln und zag, weg war sie&#8230;&#8230;.<\/p>\n","protected":false},"excerpt":{"rendered":"<p>Lieber Michael, Vielen Dank f\u00fcr deine Info an mich, das jemand regelm\u00e4ssig develi.ch besucht. =) Ich werde mich daher bem\u00fchen, nicht wieder nen Monat zu warten um die News und den Blog aktuell zu halten \ud83d\ude09 Da der Blog nat\u00fcrlich nicht nur einfach bla sein sollt, mach ich noch nen kleinen Bericht zur Sonic 16 &#8230; <a title=\"Ein Blog Eintrag zur Sonic f\u00fcr Michael G.! =)\" class=\"read-more\" href=\"https:\/\/develi.ch\/?p=209\">Read more<span class=\"screen-reader-text\">Ein Blog Eintrag zur Sonic f\u00fcr Michael G.! =)<\/span><\/a><\/p>\n","protected":false},"author":1,"featured_media":0,"comment_status":"open","ping_status":"closed","sticky":false,"template":"","format":"standard","meta":{"jetpack_post_was_ever_published":false,"_jetpack_newsletter_access":"","_jetpack_dont_email_post_to_subs":false,"_jetpack_newsletter_tier_id":0,"_jetpack_memberships_contains_paywalled_content":false,"_jetpack_memberships_contains_paid_content":false,"footnotes":"","jetpack_publicize_message":"","jetpack_publicize_feature_enabled":true,"jetpack_social_post_already_shared":false,"jetpack_social_options":{"image_generator_settings":{"template":"highway","default_image_id":0,"font":"","enabled":false},"version":2}},"categories":[11],"tags":[],"class_list":["post-209","post","type-post","status-publish","format-standard","hentry","category-sound-dance-party"],"jetpack_publicize_connections":[],"jetpack_featured_media_url":"","jetpack_sharing_enabled":true,"jetpack_shortlink":"https:\/\/wp.me\/p674Fw-3n","jetpack_likes_enabled":true,"jetpack-related-posts":[{"id":49,"url":"https:\/\/develi.ch\/?p=49","url_meta":{"origin":209,"position":0},"title":"Heute vor einem Jahr&#8230;..","author":"ivi","date":"10. Juli 2009","format":false,"excerpt":"Ich kann mich erinnern, als w\u00e4re es gestern gewesen\u2026 Heute ist es auf das Datum genau ein Jahr her\u2026 Es war Donnerstag.. Am Morgen hatte ich irgendwann mal kurz den Messenger offen, war wohl gerade nicht so viel los im B\u00fcro. Da stand bei deinem Name: \"Desmoplastischer, kleinzelliger Weichteil Krebs\"\u2026","rel":"","context":"In &quot;Worte&quot;","block_context":{"text":"Worte","link":"https:\/\/develi.ch\/?cat=13"},"img":{"alt_text":"","src":"http:\/\/photos-h.ak.fbcdn.net\/hphotos-ak-snc1\/6374_1189590900779_1258547611_551246_1673946_a.jpg","width":350,"height":200},"classes":[]},{"id":846,"url":"https:\/\/develi.ch\/?p=846","url_meta":{"origin":209,"position":1},"title":"Geburtstage sind was tolles&#8230;","author":"ivi","date":"29. September 2011","format":false,"excerpt":"Erstens mal, man hat wieder ein Jahr \u00fcberlebt in dieser Welt, was ja nicht wirklich selbstverst\u00e4ndlich ist. Dazu wird man \u00e4lter, und man hat wieder mehr Rechte und Pflichten. < ZBsp darf ich nun an \u00dc25 Parties! Jipi ;) Auch bekommt man Geschenke => Und zwar so tolle, das ich\u2026","rel":"","context":"In &quot;Gebastel&quot;","block_context":{"text":"Gebastel","link":"https:\/\/develi.ch\/?cat=1029"},"img":{"alt_text":"","src":"https:\/\/i0.wp.com\/develi.ch\/wordpress\/wp-content\/uploads\/2011\/09\/DSC_0261.jpg?resize=350%2C200&ssl=1","width":350,"height":200,"srcset":"https:\/\/i0.wp.com\/develi.ch\/wordpress\/wp-content\/uploads\/2011\/09\/DSC_0261.jpg?resize=350%2C200&ssl=1 1x, https:\/\/i0.wp.com\/develi.ch\/wordpress\/wp-content\/uploads\/2011\/09\/DSC_0261.jpg?resize=525%2C300&ssl=1 1.5x, https:\/\/i0.wp.com\/develi.ch\/wordpress\/wp-content\/uploads\/2011\/09\/DSC_0261.jpg?resize=700%2C400&ssl=1 2x, https:\/\/i0.wp.com\/develi.ch\/wordpress\/wp-content\/uploads\/2011\/09\/DSC_0261.jpg?resize=1050%2C600&ssl=1 3x, https:\/\/i0.wp.com\/develi.ch\/wordpress\/wp-content\/uploads\/2011\/09\/DSC_0261.jpg?resize=1400%2C800&ssl=1 4x"},"classes":[]},{"id":2171,"url":"https:\/\/develi.ch\/?p=2171","url_meta":{"origin":209,"position":2},"title":"Busfahren, manchmal reine Gl\u00fccksache&#8230;.","author":"ivi","date":"13. November 2013","format":false,"excerpt":"Manchmal ist in Winterthur Busfahren absolut ein Lottospiel. =) Wir haben hier zwar Fahrpl\u00e4ne, aber manchmal wechseln die einfach so (ja, ich hab erst nach ner Woche Bus verpassen gemerkt, das es einen neuen Fahrplan seit Anfangs Monat f\u00fcr den Winter gibt) oder es hat so viel, oder so weniger\u2026","rel":"","context":"In &quot;Winterthur&quot;","block_context":{"text":"Winterthur","link":"https:\/\/develi.ch\/?cat=12"},"img":{"alt_text":"","src":"","width":0,"height":0},"classes":[]},{"id":6932,"url":"https:\/\/develi.ch\/?p=6932","url_meta":{"origin":209,"position":3},"title":"Greenfield 2023 &#8211; Bericht","author":"ivi","date":"3. Juli 2023","format":false,"excerpt":"\u00a0 Mittwochmittag Ich habe zum Gl\u00fcck gestern schon einiges gepackt und einen Plan, was ich noch packen muss, damit ich nach dem Mittagessen schon bald losfahren kann Richtung Interlaken. Dieses Jahr muss ich auch noch einplanen, ein Zelt zu schleppen, da wir tats\u00e4chlich campieren. Mit Zelt. Am Greenfield. Auf dem\u2026","rel":"","context":"In &quot;ivis world&quot;","block_context":{"text":"ivis world","link":"https:\/\/develi.ch\/?cat=1019"},"img":{"alt_text":"","src":"https:\/\/i0.wp.com\/develi.ch\/wp-content\/uploads\/2023\/06\/gf_2023_timetable-212x300.jpg?resize=350%2C200&ssl=1","width":350,"height":200},"classes":[]},{"id":490,"url":"https:\/\/develi.ch\/?p=490","url_meta":{"origin":209,"position":4},"title":"Die Tage danach&#8230; ( II ) \u2013 Der Stress","author":"ivi","date":"27. April 2010","format":false,"excerpt":"Nach dem ganzen Theater mit Wohnung nicht fertig und Umzugswagen, war ich der Meinung, das nach dem Umzugstag der Stress allm\u00e4hlich\u00a0nachlassen wird. Am Umzugstag selber lief alles wie geschmirt. Wir waren auch \u00fcberrascht, das die Handwerker es tats\u00e4chlich geschaft hatten, die komplette Wohnung zu streichen und die B\u00f6den in den\u2026","rel":"","context":"In &quot;ivis world&quot;","block_context":{"text":"ivis world","link":"https:\/\/develi.ch\/?cat=1019"},"img":{"alt_text":"","src":"","width":0,"height":0},"classes":[]},{"id":6590,"url":"https:\/\/develi.ch\/?p=6590","url_meta":{"origin":209,"position":5},"title":"Book: Die Tintenwelt Reihe","author":"ivi","date":"26. September 2018","format":false,"excerpt":"Als 400. Beitrag hier auf dEvEli.ch m\u00f6chte ich euch von einer tollen W\u00f6rterwelt berichten: Als ich vor ein paar Monaten von jemandem die Tintenwelt Reihe geschenkt bekam, wusste ich noch nicht, das ich mit diesen B\u00fcchern in eine komplett neue Welt eintauchen w\u00fcrde. ich lese ja eigentlich gerne und viel,\u2026","rel":"","context":"In &quot;B\u00fccher_Filme_Spiele&quot;","block_context":{"text":"B\u00fccher_Filme_Spiele","link":"https:\/\/develi.ch\/?cat=1186"},"img":{"alt_text":"","src":"https:\/\/i0.wp.com\/develi.ch\/wp-content\/uploads\/2018\/09\/20180926_0943202252884573833889568-1024x578.jpg?resize=350%2C200&ssl=1","width":350,"height":200},"classes":[]}],"_links":{"self":[{"href":"https:\/\/develi.ch\/index.php?rest_route=\/wp\/v2\/posts\/209","targetHints":{"allow":["GET"]}}],"collection":[{"href":"https:\/\/develi.ch\/index.php?rest_route=\/wp\/v2\/posts"}],"about":[{"href":"https:\/\/develi.ch\/index.php?rest_route=\/wp\/v2\/types\/post"}],"author":[{"embeddable":true,"href":"https:\/\/develi.ch\/index.php?rest_route=\/wp\/v2\/users\/1"}],"replies":[{"embeddable":true,"href":"https:\/\/develi.ch\/index.php?rest_route=%2Fwp%2Fv2%2Fcomments&post=209"}],"version-history":[{"count":2,"href":"https:\/\/develi.ch\/index.php?rest_route=\/wp\/v2\/posts\/209\/revisions"}],"predecessor-version":[{"id":3903,"href":"https:\/\/develi.ch\/index.php?rest_route=\/wp\/v2\/posts\/209\/revisions\/3903"}],"wp:attachment":[{"href":"https:\/\/develi.ch\/index.php?rest_route=%2Fwp%2Fv2%2Fmedia&parent=209"}],"wp:term":[{"taxonomy":"category","embeddable":true,"href":"https:\/\/develi.ch\/index.php?rest_route=%2Fwp%2Fv2%2Fcategories&post=209"},{"taxonomy":"post_tag","embeddable":true,"href":"https:\/\/develi.ch\/index.php?rest_route=%2Fwp%2Fv2%2Ftags&post=209"}],"curies":[{"name":"wp","href":"https:\/\/api.w.org\/{rel}","templated":true}]}}