{"id":201,"date":"2011-04-21T13:07:01","date_gmt":"2011-04-21T12:07:01","guid":{"rendered":"https:\/\/develi.ch\/wordpress\/?p=201"},"modified":"2018-07-26T11:18:25","modified_gmt":"2018-07-26T09:18:25","slug":"erster-handyblog-oder-wieso-ich-rosen-geschenkt-bekomme","status":"publish","type":"post","link":"https:\/\/develi.ch\/?p=201","title":{"rendered":"Erster Handyblog oder Wieso ich Rosen geschenkt bekomme!"},"content":{"rendered":"<p>Aufmerksame blogleser habens wohl bemerkt =&gt; ich habe mein neues handy!!! Bhu.. Und weil ich doch so ein nettes bin, hab ich meinem holden auch gleich eins gekauft.. Nun hab ich das SE Xperia Arc und er das Xperia PLay. Und weil mein Holder einfach der Beste ist, hat mich heute eine total sch\u00f6ne, rote \u00dcberaschung am Mittag erwartet! Sooo fescht g\u00e4rn!<br \/>\nUnd so gleich Blogfotowordpresseandroid getestet \ud83d\ude00<\/p>\n<p>Sch\u00f6ne Ostern und<\/p>\n<div id='gallery-1' class='gallery galleryid-201 gallery-columns-3 gallery-size-thumbnail'><figure class='gallery-item'>\n\t\t\t<div class='gallery-icon portrait'>\n\t\t\t\t<a href='https:\/\/develi.ch\/?attachment_id=3905'><img loading=\"lazy\" decoding=\"async\" width=\"150\" height=\"150\" src=\"https:\/\/develi.ch\/wp-content\/uploads\/2015\/05\/wpid-dsc_0191-e1430851755756-150x150.jpg\" class=\"attachment-thumbnail size-thumbnail\" alt=\"\" \/><\/a>\n\t\t\t<\/div><\/figure><figure class='gallery-item'>\n\t\t\t<div class='gallery-icon portrait'>\n\t\t\t\t<a href='https:\/\/develi.ch\/?attachment_id=3904'><img loading=\"lazy\" decoding=\"async\" width=\"150\" height=\"150\" src=\"https:\/\/develi.ch\/wp-content\/uploads\/2015\/05\/wpid-dsc_0192-e1430851764401-150x150.jpg\" class=\"attachment-thumbnail size-thumbnail\" alt=\"\" \/><\/a>\n\t\t\t<\/div><\/figure>\n\t\t<\/div>\n\n<p>ein langes WE \ud83d\ude09<\/p>\n<p>&nbsp;<\/p>\n","protected":false},"excerpt":{"rendered":"<p>Aufmerksame blogleser habens wohl bemerkt =&gt; ich habe mein neues handy!!! Bhu.. Und weil ich doch so ein nettes bin, hab ich meinem holden auch gleich eins gekauft.. Nun hab ich das SE Xperia Arc und er das Xperia PLay. Und weil mein Holder einfach der Beste ist, hat mich heute eine total sch\u00f6ne, rote &#8230; <a title=\"Erster Handyblog oder Wieso ich Rosen geschenkt bekomme!\" class=\"read-more\" href=\"https:\/\/develi.ch\/?p=201\">Read more<span class=\"screen-reader-text\">Erster Handyblog oder Wieso ich Rosen geschenkt bekomme!<\/span><\/a><\/p>\n","protected":false},"author":1,"featured_media":0,"comment_status":"open","ping_status":"closed","sticky":false,"template":"","format":"standard","meta":{"jetpack_post_was_ever_published":false,"_jetpack_newsletter_access":"","_jetpack_dont_email_post_to_subs":false,"_jetpack_newsletter_tier_id":0,"_jetpack_memberships_contains_paywalled_content":false,"_jetpack_memberships_contains_paid_content":false,"footnotes":"","jetpack_publicize_message":"","jetpack_publicize_feature_enabled":true,"jetpack_social_post_already_shared":false,"jetpack_social_options":{"image_generator_settings":{"template":"highway","default_image_id":0,"font":"","enabled":false},"version":2}},"categories":[1019],"tags":[252,496],"class_list":["post-201","post","type-post","status-publish","format-standard","hentry","category-ivis-world","tag-handy","tag-rosen"],"jetpack_publicize_connections":[],"jetpack_featured_media_url":"","jetpack_sharing_enabled":true,"jetpack_shortlink":"https:\/\/wp.me\/p674Fw-3f","jetpack_likes_enabled":true,"jetpack-related-posts":[{"id":139,"url":"https:\/\/develi.ch\/?p=139","url_meta":{"origin":201,"position":0},"title":"Neues Handy oder Wieso man manchmal f\u00fcr das &#8222;Richtige&#8220; ewig wartet..","author":"ivi","date":"14. Februar 2011","format":false,"excerpt":"Ich hab seit Anfangs Dez 2010 kein schlaues Mobiletelefon mehr. Mein altes hat angefangen lustigerweise sich 3mal am Tag zu verabschieden und nicht mehr neugestartet. Daher war ich teilweise nicht erreichbar und das hat mich generft. Im Saturn hab ich mir f\u00fcr 29.- ein \u00dcbergangshandy gekauft, welches telefonieren und SMS\u2026","rel":"","context":"In &quot;ivis world&quot;","block_context":{"text":"ivis world","link":"https:\/\/develi.ch\/?cat=1019"},"img":{"alt_text":"","src":"","width":0,"height":0},"classes":[]},{"id":193,"url":"https:\/\/develi.ch\/?p=193","url_meta":{"origin":201,"position":1},"title":"Was lange w\u00e4hrt, wird endlich&#8230;","author":"ivi","date":"5. April 2011","format":false,"excerpt":"....Sonen Schrott! Im Dezember hab ich mir ja den Nokia Knochen f\u00fcr 29.- gekauft, weil mein altes Handy nicht mehr wollte. Also brav auf M\u00e4rz gewartet, damit Vertrag verl\u00e4ngert werden kann und neues Handy g\u00fcnstig ist. Danach auf April gewartet, weil Sony Ericsson die neue Xperia Serie erst dann rausbringt.\u2026","rel":"","context":"In &quot;ivis world&quot;","block_context":{"text":"ivis world","link":"https:\/\/develi.ch\/?cat=1019"},"img":{"alt_text":"","src":"","width":0,"height":0},"classes":[]},{"id":522,"url":"https:\/\/develi.ch\/?p=522","url_meta":{"origin":201,"position":2},"title":"Mobilezone ist doff!","author":"ivi","date":"12. August 2011","format":false,"excerpt":"Meine Erkenntnis vom Tag. Keine nette Aussage, ich weis.. Aber wenn man innerhalb von zwei Tagen in zwei unterschiedlichen MZ-Shops war und man in beiden nicht richtig Bedient wurde, resp man am dritten Tag selber das Problem l\u00f6st, dann kommt man zu der Meinung oben. Wieso? Nun, wie ich im\u2026","rel":"","context":"In &quot;ivis world&quot;","block_context":{"text":"ivis world","link":"https:\/\/develi.ch\/?cat=1019"},"img":{"alt_text":"","src":"https:\/\/i0.wp.com\/develi.ch\/wordpress\/wp-content\/uploads\/2011\/08\/gprs.jpg?resize=350%2C200&ssl=1","width":350,"height":200,"srcset":"https:\/\/i0.wp.com\/develi.ch\/wordpress\/wp-content\/uploads\/2011\/08\/gprs.jpg?resize=350%2C200&ssl=1 1x, https:\/\/i0.wp.com\/develi.ch\/wordpress\/wp-content\/uploads\/2011\/08\/gprs.jpg?resize=525%2C300&ssl=1 1.5x, https:\/\/i0.wp.com\/develi.ch\/wordpress\/wp-content\/uploads\/2011\/08\/gprs.jpg?resize=700%2C400&ssl=1 2x"},"classes":[]},{"id":167,"url":"https:\/\/develi.ch\/?p=167","url_meta":{"origin":201,"position":3},"title":"Musik und Erinnerungen&#8230;","author":"ivi","date":"18. Februar 2011","format":false,"excerpt":"\" passiert euch das auch ab und zu, und welche Erinnerungen verbindet ihr mit welchem Lied?\" Die Frage in einem Thread eines Forums... und meine gedanken dazu waren dann irgendwie total deprimierend, weil ich zwar viele lieder mit viel sch\u00f6nem assoziere. aber zbsp Linkin Park h\u00f6rte ich 2001 als mein\u2026","rel":"","context":"In &quot;Sound \/ Dance \/ Party&quot;","block_context":{"text":"Sound \/ Dance \/ Party","link":"https:\/\/develi.ch\/?cat=11"},"img":{"alt_text":"","src":"","width":0,"height":0},"classes":[]},{"id":490,"url":"https:\/\/develi.ch\/?p=490","url_meta":{"origin":201,"position":4},"title":"Die Tage danach&#8230; ( II ) \u2013 Der Stress","author":"ivi","date":"27. April 2010","format":false,"excerpt":"Nach dem ganzen Theater mit Wohnung nicht fertig und Umzugswagen, war ich der Meinung, das nach dem Umzugstag der Stress allm\u00e4hlich\u00a0nachlassen wird. Am Umzugstag selber lief alles wie geschmirt. Wir waren auch \u00fcberrascht, das die Handwerker es tats\u00e4chlich geschaft hatten, die komplette Wohnung zu streichen und die B\u00f6den in den\u2026","rel":"","context":"In &quot;ivis world&quot;","block_context":{"text":"ivis world","link":"https:\/\/develi.ch\/?cat=1019"},"img":{"alt_text":"","src":"","width":0,"height":0},"classes":[]},{"id":4651,"url":"https:\/\/develi.ch\/?p=4651","url_meta":{"origin":201,"position":5},"title":"Berntage und \u00dcberraschungsb\u00fccher","author":"ivi","date":"1. Mai 2016","format":false,"excerpt":"Letzten Mittwoch war ich in Bern. Dort hab ich meine total liebe Ern\u00e4hrungsberaterin getroffen, weil wir gucken wollten, ob ich auch brav meine Stoffwechselkur gemacht habe =D Danach bin ich kurz in den Thalia, da ich noch ein Geburtstagsgeschenk holen wollte. Anstatt das geplanten Buch zu kaufen, hab ich einen\u2026","rel":"","context":"In &quot;ivis world&quot;","block_context":{"text":"ivis world","link":"https:\/\/develi.ch\/?cat=1019"},"img":{"alt_text":"","src":"https:\/\/i0.wp.com\/develi.ch\/wp-content\/uploads\/2016\/05\/dsc_2748-150x150.jpg?resize=350%2C200&ssl=1","width":350,"height":200,"srcset":"https:\/\/i0.wp.com\/develi.ch\/wp-content\/uploads\/2016\/05\/dsc_2748-150x150.jpg?resize=350%2C200&ssl=1 1x, https:\/\/i0.wp.com\/develi.ch\/wp-content\/uploads\/2016\/05\/dsc_2748-150x150.jpg?resize=525%2C300&ssl=1 1.5x, https:\/\/i0.wp.com\/develi.ch\/wp-content\/uploads\/2016\/05\/dsc_2748-150x150.jpg?resize=700%2C400&ssl=1 2x"},"classes":[]}],"_links":{"self":[{"href":"https:\/\/develi.ch\/index.php?rest_route=\/wp\/v2\/posts\/201","targetHints":{"allow":["GET"]}}],"collection":[{"href":"https:\/\/develi.ch\/index.php?rest_route=\/wp\/v2\/posts"}],"about":[{"href":"https:\/\/develi.ch\/index.php?rest_route=\/wp\/v2\/types\/post"}],"author":[{"embeddable":true,"href":"https:\/\/develi.ch\/index.php?rest_route=\/wp\/v2\/users\/1"}],"replies":[{"embeddable":true,"href":"https:\/\/develi.ch\/index.php?rest_route=%2Fwp%2Fv2%2Fcomments&post=201"}],"version-history":[{"count":1,"href":"https:\/\/develi.ch\/index.php?rest_route=\/wp\/v2\/posts\/201\/revisions"}],"predecessor-version":[{"id":3906,"href":"https:\/\/develi.ch\/index.php?rest_route=\/wp\/v2\/posts\/201\/revisions\/3906"}],"wp:attachment":[{"href":"https:\/\/develi.ch\/index.php?rest_route=%2Fwp%2Fv2%2Fmedia&parent=201"}],"wp:term":[{"taxonomy":"category","embeddable":true,"href":"https:\/\/develi.ch\/index.php?rest_route=%2Fwp%2Fv2%2Fcategories&post=201"},{"taxonomy":"post_tag","embeddable":true,"href":"https:\/\/develi.ch\/index.php?rest_route=%2Fwp%2Fv2%2Ftags&post=201"}],"curies":[{"name":"wp","href":"https:\/\/api.w.org\/{rel}","templated":true}]}}