{"id":1902,"date":"2013-06-26T21:51:42","date_gmt":"2013-06-26T19:51:42","guid":{"rendered":"https:\/\/develi.ch\/wordpress\/?p=1902"},"modified":"2013-06-26T21:51:42","modified_gmt":"2013-06-26T19:51:42","slug":"haar-schnide","status":"publish","type":"post","link":"https:\/\/develi.ch\/?p=1902","title":{"rendered":"Haar schneiden&#8230; =)"},"content":{"rendered":"<p>Manchmal darf ich meinem Holden die Haare schneiden =D<\/p>\n<p>An alle Haarschneider da draussen, bitte schnell weggucken bei den n\u00e4chsten Bildern \ud83d\ude09<\/p>\n<p>Man mache einen Rossschwanz und schneide mit irgend einer Schere die Haare so, das man diese dann noch knapp zusammen binden kann . <a href=\"https:\/\/develi.ch\/wordpress\/wp-content\/uploads\/2013\/06\/wpid-DSC_1325.jpg\"><img decoding=\"async\" class=\"alignnone size-full\" title=\"\" alt=\"image\" src=\"https:\/\/develi.ch\/wordpress\/wp-content\/uploads\/2013\/06\/wpid-DSC_1325.jpg\" \/><\/a><\/p>\n<p>So viele Haare musste mein Holder lassen:<\/p>\n<p><a href=\"https:\/\/develi.ch\/wordpress\/wp-content\/uploads\/2013\/06\/wpid-DSC_1326.jpg\"><img decoding=\"async\" class=\"alignnone size-full\" title=\"\" alt=\"image\" src=\"https:\/\/develi.ch\/wordpress\/wp-content\/uploads\/2013\/06\/wpid-DSC_1326.jpg\" \/><\/a><\/p>\n<p>Jetzt ist er total kurzhaarig.. Ihhh.. =D<\/p>\n<p>*chch* Hat jemand ne Ahnung wo man eine anst\u00e4ndige Schere f\u00fcrs Haareschneiden herbekommt? =D<\/p>\n<p>&nbsp;<\/p>\n","protected":false},"excerpt":{"rendered":"<p>Manchmal darf ich meinem Holden die Haare schneiden =D An alle Haarschneider da draussen, bitte schnell weggucken bei den n\u00e4chsten Bildern \ud83d\ude09 Man mache einen Rossschwanz und schneide mit irgend einer Schere die Haare so, das man diese dann noch knapp zusammen binden kann . So viele Haare musste mein Holder lassen: Jetzt ist er &#8230; <a title=\"Haar schneiden&#8230; =)\" class=\"read-more\" href=\"https:\/\/develi.ch\/?p=1902\">Read more<span class=\"screen-reader-text\">Haar schneiden&#8230; =)<\/span><\/a><\/p>\n","protected":false},"author":1,"featured_media":0,"comment_status":"open","ping_status":"closed","sticky":false,"template":"","format":"standard","meta":{"jetpack_post_was_ever_published":false,"_jetpack_newsletter_access":"","_jetpack_dont_email_post_to_subs":false,"_jetpack_newsletter_tier_id":0,"_jetpack_memberships_contains_paywalled_content":false,"_jetpack_memberships_contains_paid_content":false,"footnotes":"","jetpack_publicize_message":"","jetpack_publicize_feature_enabled":true,"jetpack_social_post_already_shared":true,"jetpack_social_options":{"image_generator_settings":{"template":"highway","default_image_id":0,"font":"","enabled":false},"version":2}},"categories":[1019],"tags":[203,205,246,247,517],"class_list":["post-1902","post","type-post","status-publish","format-standard","hentry","category-ivis-world","tag-friseur","tag-frisur","tag-haare","tag-haare-schneiden","tag-schneiden"],"jetpack_publicize_connections":[],"jetpack_featured_media_url":"","jetpack_sharing_enabled":true,"jetpack_shortlink":"https:\/\/wp.me\/p674Fw-uG","jetpack_likes_enabled":true,"jetpack-related-posts":[{"id":5387,"url":"https:\/\/develi.ch\/?p=5387","url_meta":{"origin":1902,"position":0},"title":"Ich habs getan&#8230;","author":"ivi","date":"27. April 2017","format":false,"excerpt":"Ich habs echt getan! Schnipp, schnapp, Haare ab... =) Das wollte ich doch schon immer mal machen. Aber als ich es ds erste Mal machen wollte, wars erst in der Gothic Szene verbreitet und alle haben mir davon abgeraten. Danach war es modisch und ich hatte keinen Bock mehr darauf.\u2026","rel":"","context":"In &quot;ivis world&quot;","block_context":{"text":"ivis world","link":"https:\/\/develi.ch\/?cat=1019"},"img":{"alt_text":"","src":"https:\/\/i0.wp.com\/develi.ch\/wp-content\/uploads\/2017\/04\/DSC_3403-150x150.jpg?resize=350%2C200&ssl=1","width":350,"height":200,"srcset":"https:\/\/i0.wp.com\/develi.ch\/wp-content\/uploads\/2017\/04\/DSC_3403-150x150.jpg?resize=350%2C200&ssl=1 1x, https:\/\/i0.wp.com\/develi.ch\/wp-content\/uploads\/2017\/04\/DSC_3403-150x150.jpg?resize=525%2C300&ssl=1 1.5x, https:\/\/i0.wp.com\/develi.ch\/wp-content\/uploads\/2017\/04\/DSC_3403-150x150.jpg?resize=700%2C400&ssl=1 2x"},"classes":[]},{"id":3425,"url":"https:\/\/develi.ch\/?p=3425","url_meta":{"origin":1902,"position":1},"title":"Samstag Morgens in Winterthur","author":"ivi","date":"29. Juli 2014","format":false,"excerpt":"Was gibt es gem\u00fctlichers als Samstag Morgen in Winterthur auf einer Bank zu sitzen, und ein Br\u00f6tchen mit Saft zu verdr\u00fccken? Um kurz vor 9:00 sind noch seeeehr wenig Leute unterwegs und man hat die Stadt f\u00fcr sich alleine. Ausser der Typ aus dem gelben Gem\u00fcse\/Fr\u00fcchte Lieferwagen will unbedingt Small\u2026","rel":"","context":"In &quot;In der K\u00fcche&quot;","block_context":{"text":"In der K\u00fcche","link":"https:\/\/develi.ch\/?cat=8"},"img":{"alt_text":"","src":"https:\/\/i0.wp.com\/develi.ch\/wp-content\/uploads\/2014\/08\/wpid-dsc_0296.jpg?resize=350%2C200&ssl=1","width":350,"height":200,"srcset":"https:\/\/i0.wp.com\/develi.ch\/wp-content\/uploads\/2014\/08\/wpid-dsc_0296.jpg?resize=350%2C200&ssl=1 1x, https:\/\/i0.wp.com\/develi.ch\/wp-content\/uploads\/2014\/08\/wpid-dsc_0296.jpg?resize=525%2C300&ssl=1 1.5x, https:\/\/i0.wp.com\/develi.ch\/wp-content\/uploads\/2014\/08\/wpid-dsc_0296.jpg?resize=700%2C400&ssl=1 2x"},"classes":[]},{"id":2293,"url":"https:\/\/develi.ch\/?p=2293","url_meta":{"origin":1902,"position":2},"title":"Feiertage und andere gef\u00e4hrliche Sachen","author":"ivi","date":"8. Januar 2014","format":false,"excerpt":"Eigentlich wollte ich einen Jahresabschluss Blog schreiben und das ganze Jahr kurz res\u00fcme passieren lassen. Aber da ich am Silvesternachmittag noch knapp 2h beim Arzt sass, hab ich das dann irgendwie vergessen. Warum ich beim Arzt gewesen bin? Na, Klein ivi wollte eine Glasflasch aus der b\u00f6sen Umarmung einer Plastikverpackung\u2026","rel":"","context":"In &quot;ivis world&quot;","block_context":{"text":"ivis world","link":"https:\/\/develi.ch\/?cat=1019"},"img":{"alt_text":"","src":"","width":0,"height":0},"classes":[]},{"id":2214,"url":"https:\/\/develi.ch\/?p=2214","url_meta":{"origin":1902,"position":3},"title":"Zopf am Sonntag Nachmittag&#8230; Und Ihr so?","author":"ivi","date":"8. Dezember 2013","format":false,"excerpt":"Was macht ihr am Sonntag Nachmittag so, wenn euch langweilig ist und der TV l\u00e4uft? Ich hab ja mit Stricken angefangen. =) Aber als ich neulich in einer Zeitschrift neue Arten sich die Haare zu flechten entdeckt habe, musste mein Holder seine Haare zum ausprobieren hergeben. Ich finde die fischger\u00e4te\u2026","rel":"","context":"In &quot;ivis world&quot;","block_context":{"text":"ivis world","link":"https:\/\/develi.ch\/?cat=1019"},"img":{"alt_text":"","src":"","width":0,"height":0},"classes":[]},{"id":1711,"url":"https:\/\/develi.ch\/?p=1711","url_meta":{"origin":1902,"position":4},"title":"Ich hab die Haare sch\u00f6n&#8230;","author":"ivi","date":"24. Januar 2013","format":false,"excerpt":"... oder eben auch nicht so sehr. Sie waren langweilig, sehr lange und irgendwie einfach lahm.. (sehr viele La-Worte ;) ) Daher gabs als erste \u00dcberaschung f\u00fcr meinen Holden, ne neue Frisur: Neu mit Farbe, k\u00fcrzer (ca 10cm) und da langsam aber sicher die letzten Dauerwellen rausgewachsen und abgeschnitten sind,\u2026","rel":"","context":"In &quot;ivis world&quot;","block_context":{"text":"ivis world","link":"https:\/\/develi.ch\/?cat=1019"},"img":{"alt_text":"","src":"","width":0,"height":0},"classes":[]},{"id":6166,"url":"https:\/\/develi.ch\/?p=6166","url_meta":{"origin":1902,"position":5},"title":"HSMR &#8211; H\u00e4, was ist das den nun schon wieder?","author":"ivi","date":"17. Dezember 2017","format":false,"excerpt":"Ein bisschen Wellness gef\u00e4lligst? Dann kann ich euch ein Besuch bei Manuel R\u00fcttimann in seinem Studio in Obfelden w\u00e4rmstens empfehlen. HSMR = HAAR STUDIO Manuel R\u00fcttimann Wer das ist? Das ist der nette junge Herr, der mit Mikkis Blog einen Wettbewerb veranstaltet hat und bei dem ich einen neuen Haarschnitt\u2026","rel":"","context":"In &quot;ivis world&quot;","block_context":{"text":"ivis world","link":"https:\/\/develi.ch\/?cat=1019"},"img":{"alt_text":"","src":"https:\/\/i0.wp.com\/www.hsmr.ch\/wp-content\/uploads\/2017\/07\/HAAR-STUDIO-Manuel-Ruettimann_Salon3.jpg?resize=350%2C200","width":350,"height":200,"srcset":"https:\/\/i0.wp.com\/www.hsmr.ch\/wp-content\/uploads\/2017\/07\/HAAR-STUDIO-Manuel-Ruettimann_Salon3.jpg?resize=350%2C200 1x, https:\/\/i0.wp.com\/www.hsmr.ch\/wp-content\/uploads\/2017\/07\/HAAR-STUDIO-Manuel-Ruettimann_Salon3.jpg?resize=525%2C300 1.5x, https:\/\/i0.wp.com\/www.hsmr.ch\/wp-content\/uploads\/2017\/07\/HAAR-STUDIO-Manuel-Ruettimann_Salon3.jpg?resize=700%2C400 2x, https:\/\/i0.wp.com\/www.hsmr.ch\/wp-content\/uploads\/2017\/07\/HAAR-STUDIO-Manuel-Ruettimann_Salon3.jpg?resize=1050%2C600 3x, https:\/\/i0.wp.com\/www.hsmr.ch\/wp-content\/uploads\/2017\/07\/HAAR-STUDIO-Manuel-Ruettimann_Salon3.jpg?resize=1400%2C800 4x"},"classes":[]}],"_links":{"self":[{"href":"https:\/\/develi.ch\/index.php?rest_route=\/wp\/v2\/posts\/1902","targetHints":{"allow":["GET"]}}],"collection":[{"href":"https:\/\/develi.ch\/index.php?rest_route=\/wp\/v2\/posts"}],"about":[{"href":"https:\/\/develi.ch\/index.php?rest_route=\/wp\/v2\/types\/post"}],"author":[{"embeddable":true,"href":"https:\/\/develi.ch\/index.php?rest_route=\/wp\/v2\/users\/1"}],"replies":[{"embeddable":true,"href":"https:\/\/develi.ch\/index.php?rest_route=%2Fwp%2Fv2%2Fcomments&post=1902"}],"version-history":[{"count":0,"href":"https:\/\/develi.ch\/index.php?rest_route=\/wp\/v2\/posts\/1902\/revisions"}],"wp:attachment":[{"href":"https:\/\/develi.ch\/index.php?rest_route=%2Fwp%2Fv2%2Fmedia&parent=1902"}],"wp:term":[{"taxonomy":"category","embeddable":true,"href":"https:\/\/develi.ch\/index.php?rest_route=%2Fwp%2Fv2%2Fcategories&post=1902"},{"taxonomy":"post_tag","embeddable":true,"href":"https:\/\/develi.ch\/index.php?rest_route=%2Fwp%2Fv2%2Ftags&post=1902"}],"curies":[{"name":"wp","href":"https:\/\/api.w.org\/{rel}","templated":true}]}}