{"id":1888,"date":"2013-06-11T18:47:03","date_gmt":"2013-06-11T16:47:03","guid":{"rendered":"https:\/\/develi.ch\/wordpress\/?p=1888"},"modified":"2013-06-11T18:47:03","modified_gmt":"2013-06-11T16:47:03","slug":"geldbeutel-leicht-gemacht","status":"publish","type":"post","link":"https:\/\/develi.ch\/?p=1888","title":{"rendered":"Geldbeutel leicht gemacht"},"content":{"rendered":"<p>&nbsp;<\/p>\n<p>Letztens hab ich im Internet eine Vorlage f\u00fcr Tetrapak Geldbeutel gefunden und beschlossen so ein Teil auch mal zu basteln.<\/p>\n<p>Tetrapak &#8211; check<\/p>\n<p>Heftklammern &#8211; check<\/p>\n<p>Klettverschluss &#8211; fail&#8230; =)<\/p>\n<p>Also ab in den Bastelladen und Klettverschluss holen. Ich hab im Bolly in Winterthur f\u00fcr ca 20cm 1.20 Fr. gezahlt, was ich recht fair fand, den mit den 20cm k\u00f6nnte ich 4 Portmones basteln.<\/p>\n<p>Der erste Versuch ist ganz ok, noch nicht perfekt, aber ich weis nun scho, wie man das gute Teil falten, schneiden und behandeln sollte.<\/p>\n<p>Hier das Endprodukt:<\/p>\n<p><a href=\"https:\/\/develi.ch\/wordpress\/wp-content\/uploads\/2013\/06\/wpid-DSC_1296.jpg\"><img decoding=\"async\" class=\"size-full aligncenter\" title=\"\" src=\"https:\/\/develi.ch\/wordpress\/wp-content\/uploads\/2013\/06\/wpid-DSC_1296.jpg\" alt=\"image\" \/><\/a><\/p>\n<p>&nbsp;<\/p>\n<p><a href=\"https:\/\/develi.ch\/wordpress\/wp-content\/uploads\/2013\/06\/wpid-DSC_1295.jpg\"><img decoding=\"async\" class=\"alignnone size-full\" title=\"\" src=\"https:\/\/develi.ch\/wordpress\/wp-content\/uploads\/2013\/06\/wpid-DSC_1295.jpg\" alt=\"image\" \/><\/a><\/p>\n<p>&nbsp;<\/p>\n<p>&nbsp;<\/p>\n<p><a href=\"https:\/\/develi.ch\/wordpress\/wp-content\/uploads\/2013\/06\/wpid-DSC_1292.jpg\"><img decoding=\"async\" class=\"alignnone size-full\" title=\"\" src=\"https:\/\/develi.ch\/wordpress\/wp-content\/uploads\/2013\/06\/wpid-DSC_1292.jpg\" alt=\"image\" \/><\/a><\/p>\n<p>Da ich noch einen Blitz-Krieg mit dem Hefter hatte, hab ich ein paar L\u00f6cher mehr, als tats\u00e4chlich Klammern im Karton sind. =)<\/p>\n<p>Am Wochenende werd ich gleich mal den Test in freier Wildbahn machen und das gute St\u00fcck mit ans Greenfield nehmen.<\/p>\n<p>Wenn&#8217;s den auseinander f\u00e4llt oder geklaut wird, bastle ich einfach ein Neues \ud83d\ude09<\/p>\n","protected":false},"excerpt":{"rendered":"<p>&nbsp; Letztens hab ich im Internet eine Vorlage f\u00fcr Tetrapak Geldbeutel gefunden und beschlossen so ein Teil auch mal zu basteln. Tetrapak &#8211; check Heftklammern &#8211; check Klettverschluss &#8211; fail&#8230; =) Also ab in den Bastelladen und Klettverschluss holen. Ich hab im Bolly in Winterthur f\u00fcr ca 20cm 1.20 Fr. gezahlt, was ich recht fair &#8230; <a title=\"Geldbeutel leicht gemacht\" class=\"read-more\" href=\"https:\/\/develi.ch\/?p=1888\">Read more<span class=\"screen-reader-text\">Geldbeutel leicht gemacht<\/span><\/a><\/p>\n","protected":false},"author":1,"featured_media":0,"comment_status":"open","ping_status":"closed","sticky":false,"template":"","format":"standard","meta":{"jetpack_post_was_ever_published":false,"_jetpack_newsletter_access":"","_jetpack_dont_email_post_to_subs":false,"_jetpack_newsletter_tier_id":0,"_jetpack_memberships_contains_paywalled_content":false,"_jetpack_memberships_contains_paid_content":false,"footnotes":"","jetpack_publicize_message":"","jetpack_publicize_feature_enabled":true,"jetpack_social_post_already_shared":true,"jetpack_social_options":{"image_generator_settings":{"template":"highway","default_image_id":0,"font":"","enabled":false},"version":2}},"categories":[12],"tags":[66,223,591],"class_list":["post-1888","post","type-post","status-publish","format-standard","hentry","category-winti","tag-basteln","tag-geldbeutel","tag-tetrapak"],"jetpack_publicize_connections":[],"jetpack_featured_media_url":"","jetpack_sharing_enabled":true,"jetpack_shortlink":"https:\/\/wp.me\/p674Fw-us","jetpack_likes_enabled":true,"jetpack-related-posts":[{"id":4489,"url":"https:\/\/develi.ch\/?p=4489","url_meta":{"origin":1888,"position":0},"title":"Gebastel: Gr\u00fcnes Dingens f\u00fcr den Kofferraum","author":"ivi","date":"27. Oktober 2015","format":false,"excerpt":"Mal wieder typisch, wenn ich ne Tasche f\u00fcr den Kofferraum suche, dann gibts das gar nicht mehr. Also muss selber was gebastelt werden. Man kaufe lustigen, wasserundurchl\u00e4ssigen \"Stoff\", n\u00e4he Handgelenk mal Pi und guckt was rauskommt. Beim mir ein gr\u00fcnes Dingens, f\u00fcr mein gr\u00fcnes Tuktuk. Als n\u00e4chstes folgt noch der\u2026","rel":"","context":"In &quot;Gebastel&quot;","block_context":{"text":"Gebastel","link":"https:\/\/develi.ch\/?cat=1029"},"img":{"alt_text":"wpid-dsc_2478.jpg","src":"https:\/\/i0.wp.com\/develi.ch\/wp-content\/uploads\/2015\/10\/wpid-dsc_2478-1024x576.jpg?resize=350%2C200&ssl=1","width":350,"height":200},"classes":[]},{"id":5024,"url":"https:\/\/develi.ch\/?p=5024","url_meta":{"origin":1888,"position":1},"title":"B\u00fccher falten","author":"ivi","date":"1. September 2016","format":false,"excerpt":"Letzte Woche hab ich beschlossen,\u00a0mit ein paar alten B\u00fcchern, welche ich geschenkt bekommen habe, etwas\u00a0Neues auszuprobieren. Und zwar \"B\u00fccher\u00a0falten\". Dazu ben\u00f6tigt man eine Vorlage, ein Bleistift, ein (altes) Buch und einen Lineal. (An den Lineal hab ich erst im Nachhinein gedacht ;)\u00a0 ) Dazu viel Zeit und Geduld. Ich habe\u2026","rel":"","context":"In &quot;ivis world&quot;","block_context":{"text":"ivis world","link":"https:\/\/develi.ch\/?cat=1019"},"img":{"alt_text":"","src":"https:\/\/i0.wp.com\/develi.ch\/wp-content\/uploads\/2016\/08\/dsc_2945-150x150.jpg?resize=350%2C200&ssl=1","width":350,"height":200,"srcset":"https:\/\/i0.wp.com\/develi.ch\/wp-content\/uploads\/2016\/08\/dsc_2945-150x150.jpg?resize=350%2C200&ssl=1 1x, https:\/\/i0.wp.com\/develi.ch\/wp-content\/uploads\/2016\/08\/dsc_2945-150x150.jpg?resize=525%2C300&ssl=1 1.5x, https:\/\/i0.wp.com\/develi.ch\/wp-content\/uploads\/2016\/08\/dsc_2945-150x150.jpg?resize=700%2C400&ssl=1 2x"},"classes":[]},{"id":1927,"url":"https:\/\/develi.ch\/?p=1927","url_meta":{"origin":1888,"position":2},"title":"Fotobuch selbst gemacht","author":"ivi","date":"2. Juli 2013","format":false,"excerpt":"Machen Sie gerne Fotob\u00fccher nach dem Urlaub, weil Sie, wie ich, zu faul sind, um die digitalen Fotos professionell auszudrucken und in ein Album zu kleben? Wenn ja, kennen Sie Pixum? Mit Pixum kann man, wie mit manch anderen Fotoprogrammen, sehr einfach und sehr schnell ein Fotobuch erstellen. Ich hatte\u2026","rel":"","context":"In &quot;ivis world&quot;","block_context":{"text":"ivis world","link":"https:\/\/develi.ch\/?cat=1019"},"img":{"alt_text":"pixum_logo_rgb","src":"https:\/\/i0.wp.com\/develi.ch\/wordpress\/wp-content\/uploads\/2013\/07\/pixum_logo_rgb.png?resize=350%2C200&ssl=1","width":350,"height":200},"classes":[]},{"id":4167,"url":"https:\/\/develi.ch\/?p=4167","url_meta":{"origin":1888,"position":3},"title":"Wettbewerbgewinn: Senklot","author":"ivi","date":"2. Juni 2015","format":false,"excerpt":"Beim Openday der MSW in Winterthur, wurde jedem Besucher schon am Eingang ein Zettel mit lustigen Fragen in die Hand gedr\u00fcckt. Wir haben da einen Kollegen besucht, der dort als Lehrer t\u00e4tig ist und nat\u00fcrlich Werbung f\u00fcr den Tag der offenen T\u00fcr gemacht hat. Wenn man alle Abteilungen besucht hat,\u2026","rel":"","context":"In &quot;Winterthur&quot;","block_context":{"text":"Winterthur","link":"https:\/\/develi.ch\/?cat=12"},"img":{"alt_text":"wpid-dsc_2227.jpg","src":"https:\/\/i0.wp.com\/develi.ch\/wp-content\/uploads\/2015\/06\/wpid-dsc_2227-1024x576.jpg?resize=350%2C200&ssl=1","width":350,"height":200},"classes":[]},{"id":4587,"url":"https:\/\/develi.ch\/?p=4587","url_meta":{"origin":1888,"position":4},"title":"S\u00fcss &#038; Vegan in Winterthur","author":"ivi","date":"20. April 2016","format":false,"excerpt":"Mit diesem Aufruf hat der Tante Emma Laden S\u00fcss & Vegan aus Winterthur auf 100 Days einen Hilfeschrei abgesetzt: !Baustelle! S\u00fcss und Vegan - Konditorei & Tante Emma Laden - \u00a0Wir sind ein gem\u00fctlicher Quartierladen hinter dem Hauptbahnhof Winterthur & brauchen eure Hilfe. \u00a0Seit Februar haben wir eine Baustelle vor\u2026","rel":"","context":"In &quot;In der K\u00fcche&quot;","block_context":{"text":"In der K\u00fcche","link":"https:\/\/develi.ch\/?cat=8"},"img":{"alt_text":"","src":"https:\/\/i0.wp.com\/www.s\u00fcssundvegan.com\/images\/maria-logo1-large.jpg?resize=350%2C200","width":350,"height":200},"classes":[]},{"id":193,"url":"https:\/\/develi.ch\/?p=193","url_meta":{"origin":1888,"position":5},"title":"Was lange w\u00e4hrt, wird endlich&#8230;","author":"ivi","date":"5. April 2011","format":false,"excerpt":"....Sonen Schrott! Im Dezember hab ich mir ja den Nokia Knochen f\u00fcr 29.- gekauft, weil mein altes Handy nicht mehr wollte. Also brav auf M\u00e4rz gewartet, damit Vertrag verl\u00e4ngert werden kann und neues Handy g\u00fcnstig ist. Danach auf April gewartet, weil Sony Ericsson die neue Xperia Serie erst dann rausbringt.\u2026","rel":"","context":"In &quot;ivis world&quot;","block_context":{"text":"ivis world","link":"https:\/\/develi.ch\/?cat=1019"},"img":{"alt_text":"","src":"","width":0,"height":0},"classes":[]}],"_links":{"self":[{"href":"https:\/\/develi.ch\/index.php?rest_route=\/wp\/v2\/posts\/1888","targetHints":{"allow":["GET"]}}],"collection":[{"href":"https:\/\/develi.ch\/index.php?rest_route=\/wp\/v2\/posts"}],"about":[{"href":"https:\/\/develi.ch\/index.php?rest_route=\/wp\/v2\/types\/post"}],"author":[{"embeddable":true,"href":"https:\/\/develi.ch\/index.php?rest_route=\/wp\/v2\/users\/1"}],"replies":[{"embeddable":true,"href":"https:\/\/develi.ch\/index.php?rest_route=%2Fwp%2Fv2%2Fcomments&post=1888"}],"version-history":[{"count":0,"href":"https:\/\/develi.ch\/index.php?rest_route=\/wp\/v2\/posts\/1888\/revisions"}],"wp:attachment":[{"href":"https:\/\/develi.ch\/index.php?rest_route=%2Fwp%2Fv2%2Fmedia&parent=1888"}],"wp:term":[{"taxonomy":"category","embeddable":true,"href":"https:\/\/develi.ch\/index.php?rest_route=%2Fwp%2Fv2%2Fcategories&post=1888"},{"taxonomy":"post_tag","embeddable":true,"href":"https:\/\/develi.ch\/index.php?rest_route=%2Fwp%2Fv2%2Ftags&post=1888"}],"curies":[{"name":"wp","href":"https:\/\/api.w.org\/{rel}","templated":true}]}}