{"id":1876,"date":"2013-06-03T17:37:26","date_gmt":"2013-06-03T15:37:26","guid":{"rendered":"https:\/\/develi.ch\/wordpress\/?p=1876"},"modified":"2013-06-03T17:37:26","modified_gmt":"2013-06-03T15:37:26","slug":"das-socken-rutsch-prinzip","status":"publish","type":"post","link":"https:\/\/develi.ch\/?p=1876","title":{"rendered":"Das Socken-Rutsch-Prinzip"},"content":{"rendered":"<p>Kennt jemand von euch das Socken-Rutsch-Prinzip?<\/p>\n<p>Also, wenn Socken, die man \u00f6fters mal anhat, einfach mal anfangen zu rutschen? Und zwar willk\u00fcrlich =&gt; beim Hinweg nicht und beim R\u00fcckweg schon? Gestern nie, Heute den ganzen Tag, etc? Ob Regen oder Sonnenschein, phenomenal egal&#8230;<\/p>\n<p>Dann hat man pl\u00f6tzlich die komplette Socken bei den Zehen.<\/p>\n<p>Ich weiss ja nicht, wie ihr das so handhabt, aber meine Schuhe kaufe ich meistens so, das meine F\u00fcsse grad bequem drin platz haben und nicht noch Platz f\u00fcr ne ganze Socke bieten =)<\/p>\n<p>So sieht das manchmal aus:<\/p>\n<p><img loading=\"lazy\" decoding=\"async\" class=\"aligncenter size-full wp-image-1877\" alt=\"DSC_1281\" src=\"https:\/\/develi.ch\/wordpress\/wp-content\/uploads\/2013\/06\/DSC_1281.jpg\" width=\"3264\" height=\"1836\" \/> So sollte das immer aussehen: <img loading=\"lazy\" decoding=\"async\" class=\"aligncenter size-full wp-image-1878\" alt=\"DSC_1282\" src=\"https:\/\/develi.ch\/wordpress\/wp-content\/uploads\/2013\/06\/DSC_1282.jpg\" width=\"3264\" height=\"1836\" \/><\/p>\n<p>An den Socken kann es auch nicht liegen, ich habe den Test gemacht von Tennissocken zu kurzen Sommerdingens und von alten Ausgeleierten zu ganz Neuen. Absolut keine Logik dahinter, reine Willk\u00fcr. Man k\u00f6nnte meinen, es sind Pneu-Socken \ud83d\ude09<\/p>\n<p>Ich w\u00fcrde als Probleml\u00f6sung ja Strapsenhalter empfehlen, aber die reichen glaube ich nicht bis zur Wade.. =)<\/p>\n<p>Habt Ihr das manchmal auch?<\/p>\n","protected":false},"excerpt":{"rendered":"<p>Kennt jemand von euch das Socken-Rutsch-Prinzip? Also, wenn Socken, die man \u00f6fters mal anhat, einfach mal anfangen zu rutschen? Und zwar willk\u00fcrlich =&gt; beim Hinweg nicht und beim R\u00fcckweg schon? Gestern nie, Heute den ganzen Tag, etc? Ob Regen oder Sonnenschein, phenomenal egal&#8230; Dann hat man pl\u00f6tzlich die komplette Socken bei den Zehen. Ich weiss &#8230; <a title=\"Das Socken-Rutsch-Prinzip\" class=\"read-more\" href=\"https:\/\/develi.ch\/?p=1876\">Read more<span class=\"screen-reader-text\">Das Socken-Rutsch-Prinzip<\/span><\/a><\/p>\n","protected":false},"author":1,"featured_media":0,"comment_status":"open","ping_status":"closed","sticky":false,"template":"","format":"standard","meta":{"jetpack_post_was_ever_published":false,"_jetpack_newsletter_access":"","_jetpack_dont_email_post_to_subs":false,"_jetpack_newsletter_tier_id":0,"_jetpack_memberships_contains_paywalled_content":false,"_jetpack_memberships_contains_paid_content":false,"footnotes":"","jetpack_publicize_message":"","jetpack_publicize_feature_enabled":true,"jetpack_social_post_already_shared":true,"jetpack_social_options":{"image_generator_settings":{"template":"highway","default_image_id":0,"font":"","enabled":false},"version":2}},"categories":[1019],"tags":[537,538,655],"class_list":["post-1876","post","type-post","status-publish","format-standard","hentry","category-ivis-world","tag-socken","tag-socken-rutsch-prinzip","tag-willkur"],"jetpack_publicize_connections":[],"jetpack_featured_media_url":"","jetpack_sharing_enabled":true,"jetpack_shortlink":"https:\/\/wp.me\/p674Fw-ug","jetpack_likes_enabled":true,"jetpack-related-posts":[{"id":424,"url":"https:\/\/develi.ch\/?p=424","url_meta":{"origin":1876,"position":0},"title":"Hot Summer&#8230;","author":"ivi","date":"26. Juli 2011","format":false,"excerpt":"Manch einer fragt sich seit Tagen, was den mit dem Sommer passiert ist... Im Fr\u00fchling waren sommerliche Temperaturen an der Tagesordnung und nun, im Sommer, haben wir zwischenzeitlich einfach nur ar***kalt =D (Ja, ich darf das Wort \"ar***\" in meinem eigenen Blog ausschreiben, ich m\u00f6chte aber nicht ;) ) Als\u2026","rel":"","context":"In &quot;ivis world&quot;","block_context":{"text":"ivis world","link":"https:\/\/develi.ch\/?cat=1019"},"img":{"alt_text":"","src":"https:\/\/i0.wp.com\/develi.ch\/wordpress\/wp-content\/uploads\/2011\/07\/warn.jpg?resize=350%2C200&ssl=1","width":350,"height":200},"classes":[]},{"id":1927,"url":"https:\/\/develi.ch\/?p=1927","url_meta":{"origin":1876,"position":1},"title":"Fotobuch selbst gemacht","author":"ivi","date":"2. Juli 2013","format":false,"excerpt":"Machen Sie gerne Fotob\u00fccher nach dem Urlaub, weil Sie, wie ich, zu faul sind, um die digitalen Fotos professionell auszudrucken und in ein Album zu kleben? Wenn ja, kennen Sie Pixum? Mit Pixum kann man, wie mit manch anderen Fotoprogrammen, sehr einfach und sehr schnell ein Fotobuch erstellen. Ich hatte\u2026","rel":"","context":"In &quot;ivis world&quot;","block_context":{"text":"ivis world","link":"https:\/\/develi.ch\/?cat=1019"},"img":{"alt_text":"pixum_logo_rgb","src":"https:\/\/i0.wp.com\/develi.ch\/wordpress\/wp-content\/uploads\/2013\/07\/pixum_logo_rgb.png?resize=350%2C200&ssl=1","width":350,"height":200},"classes":[]},{"id":4054,"url":"https:\/\/develi.ch\/?p=4054","url_meta":{"origin":1876,"position":2},"title":"Putzfrau &#8211; Segen oder Fluch?","author":"ivi","date":"21. Mai 2015","format":false,"excerpt":"Letztes Jahr hab ich in einem Gespr\u00e4ch mit einer Arbeitskollegin, welche von ihrer erste und neuen Putzfrau erz\u00e4hlt hat, beschlossen, das ich auch eine Putzfrau anstellen m\u00f6chte. Also nicht lange gefackelt (mache ich eigentlich nie..) und bei der Putzfrauen Agentur in Winterthur angefragt, ob jemand verf\u00fcgbar w\u00e4re. Danach erste Wohnungsbesichtigung\u2026","rel":"","context":"In &quot;Winterthur&quot;","block_context":{"text":"Winterthur","link":"https:\/\/develi.ch\/?cat=12"},"img":{"alt_text":"","src":"","width":0,"height":0},"classes":[]},{"id":1234,"url":"https:\/\/develi.ch\/?p=1234","url_meta":{"origin":1876,"position":3},"title":"Ich mag keine&#8230;.","author":"ivi","date":"21. M\u00e4rz 2012","format":false,"excerpt":"Stalker! So, jetzt ist es raus! Ich mag die einfach nicht... Ich weiss, ich bin tierisch rassistisch, aber die Rasse Stalker find ich pers\u00f6nlich total \u00fcberfl\u00fcsssig. Vorallem wenn ich selber t\u00e4glich 15min fr\u00fcher aufstehen muss, um einem von denen aus dem Weg zu gehen. Angefangen hat es im Januar, als\u2026","rel":"","context":"In &quot;ivis world&quot;","block_context":{"text":"ivis world","link":"https:\/\/develi.ch\/?cat=1019"},"img":{"alt_text":"","src":"","width":0,"height":0},"classes":[]},{"id":2294,"url":"https:\/\/develi.ch\/?p=2294","url_meta":{"origin":1876,"position":4},"title":"Blinde Kuh &#8211; Essen im Dunkeln","author":"ivi","date":"11. M\u00e4rz 2014","format":false,"excerpt":"Essen im absoluten Schwarz. Der Gedanke hatten wir schon lange mal. Aber irgendwie vergisst man das man wollte, nicht jeder hat gerade Zeit oder irgendwas anderes passt nicht. Ergo, man w\u00fcrde zwar wollen, tut aber trotzdem nichts daf\u00fcr auch mal ein Ergebnis zu erhalten. Da meine erg\u00e4nzende H\u00e4lfte im Januar\u2026","rel":"","context":"In &quot;In der K\u00fcche&quot;","block_context":{"text":"In der K\u00fcche","link":"https:\/\/develi.ch\/?cat=8"},"img":{"alt_text":"wpid-DSC_0054.jpg","src":"https:\/\/i0.wp.com\/develi.ch\/wordpress\/wp-content\/uploads\/2014\/03\/wpid-DSC_0054.jpg?resize=350%2C200&ssl=1","width":350,"height":200,"srcset":"https:\/\/i0.wp.com\/develi.ch\/wordpress\/wp-content\/uploads\/2014\/03\/wpid-DSC_0054.jpg?resize=350%2C200&ssl=1 1x, https:\/\/i0.wp.com\/develi.ch\/wordpress\/wp-content\/uploads\/2014\/03\/wpid-DSC_0054.jpg?resize=525%2C300&ssl=1 1.5x, https:\/\/i0.wp.com\/develi.ch\/wordpress\/wp-content\/uploads\/2014\/03\/wpid-DSC_0054.jpg?resize=700%2C400&ssl=1 2x, https:\/\/i0.wp.com\/develi.ch\/wordpress\/wp-content\/uploads\/2014\/03\/wpid-DSC_0054.jpg?resize=1050%2C600&ssl=1 3x, https:\/\/i0.wp.com\/develi.ch\/wordpress\/wp-content\/uploads\/2014\/03\/wpid-DSC_0054.jpg?resize=1400%2C800&ssl=1 4x"},"classes":[]},{"id":6312,"url":"https:\/\/develi.ch\/?p=6312","url_meta":{"origin":1876,"position":5},"title":"Greenfield 2018 &#8211; Der Bericht","author":"ivi","date":"21. Juni 2018","format":false,"excerpt":"Da ist es wieder. Dieses eine Wochenende im Jahr, an dem ich ins Berner Oberland fahre, Freunde treffe und \u00abFamilienfrei\u00bb habe. Ja genau, es ist Greenfield Zeit. Dank weiser Voraussicht haben wir letztes Jahr bei einer Wildcard Aktion direkt nach dem Festival 2017 zugeschlagen und konnten so einen 3-Tages-Pass f\u00fcr\u2026","rel":"","context":"In &quot;Sound \/ Dance \/ Party&quot;","block_context":{"text":"Sound \/ Dance \/ Party","link":"https:\/\/develi.ch\/?cat=11"},"img":{"alt_text":"","src":"https:\/\/i0.wp.com\/develi.ch\/wp-content\/uploads\/2018\/07\/DSC_0423-150x150.jpg?resize=350%2C200&ssl=1","width":350,"height":200,"srcset":"https:\/\/i0.wp.com\/develi.ch\/wp-content\/uploads\/2018\/07\/DSC_0423-150x150.jpg?resize=350%2C200&ssl=1 1x, https:\/\/i0.wp.com\/develi.ch\/wp-content\/uploads\/2018\/07\/DSC_0423-150x150.jpg?resize=525%2C300&ssl=1 1.5x, https:\/\/i0.wp.com\/develi.ch\/wp-content\/uploads\/2018\/07\/DSC_0423-150x150.jpg?resize=700%2C400&ssl=1 2x"},"classes":[]}],"_links":{"self":[{"href":"https:\/\/develi.ch\/index.php?rest_route=\/wp\/v2\/posts\/1876","targetHints":{"allow":["GET"]}}],"collection":[{"href":"https:\/\/develi.ch\/index.php?rest_route=\/wp\/v2\/posts"}],"about":[{"href":"https:\/\/develi.ch\/index.php?rest_route=\/wp\/v2\/types\/post"}],"author":[{"embeddable":true,"href":"https:\/\/develi.ch\/index.php?rest_route=\/wp\/v2\/users\/1"}],"replies":[{"embeddable":true,"href":"https:\/\/develi.ch\/index.php?rest_route=%2Fwp%2Fv2%2Fcomments&post=1876"}],"version-history":[{"count":0,"href":"https:\/\/develi.ch\/index.php?rest_route=\/wp\/v2\/posts\/1876\/revisions"}],"wp:attachment":[{"href":"https:\/\/develi.ch\/index.php?rest_route=%2Fwp%2Fv2%2Fmedia&parent=1876"}],"wp:term":[{"taxonomy":"category","embeddable":true,"href":"https:\/\/develi.ch\/index.php?rest_route=%2Fwp%2Fv2%2Fcategories&post=1876"},{"taxonomy":"post_tag","embeddable":true,"href":"https:\/\/develi.ch\/index.php?rest_route=%2Fwp%2Fv2%2Ftags&post=1876"}],"curies":[{"name":"wp","href":"https:\/\/api.w.org\/{rel}","templated":true}]}}