{"id":107,"date":"2007-01-05T11:09:15","date_gmt":"2007-01-05T10:09:15","guid":{"rendered":"https:\/\/develi.ch\/wordpress\/?p=107"},"modified":"2007-01-05T11:09:15","modified_gmt":"2007-01-05T10:09:15","slug":"song","status":"publish","type":"post","link":"https:\/\/develi.ch\/?p=107","title":{"rendered":".. Song .."},"content":{"rendered":"<p>Ich h\u00f6re den Song und denke an dich,<br \/>\nwie es war, als ich den Song zum ersten mal mit dir in Verbindung brachte,<br \/>\nwie es war, dich zu sehen,<br \/>\nwie es war, dich mir vorzustellen..\u00a0<\/p>\n<p>Nun h\u00f6re ich den Song und denke daran, wie es h\u00e4tte sein k\u00f6nnen, wie du jetzt w\u00e4rst.<br \/>\nUnd doch bin ich froh, ist es nie soweit gekommen, ich w\u00e4re doch nur ein Sammelst\u00fcck gewesen f\u00fcr deine Liste und f\u00fcr das w\u00e4re ich mir zu schade gewesen.\u00a0<\/p>\n<p>Deswegen sitze ich lieber hier und denke daran wie es h\u00e4tte sein k\u00f6nnen und male es mir sch\u00f6n aus, als wenn ich nun da sein w\u00fcrde, entt\u00e4uscht, verbittert, nur eine unter vielen.<\/p>\n<p>by E<\/p>\n","protected":false},"excerpt":{"rendered":"<p>Ich h\u00f6re den Song und denke an dich, wie es war, als ich den Song zum ersten mal mit dir in Verbindung brachte, wie es war, dich zu sehen, wie es war, dich mir vorzustellen..\u00a0 Nun h\u00f6re ich den Song und denke daran, wie es h\u00e4tte sein k\u00f6nnen, wie du jetzt w\u00e4rst. Und doch bin &#8230; <a title=\".. Song ..\" class=\"read-more\" href=\"https:\/\/develi.ch\/?p=107\">Read more<span class=\"screen-reader-text\">.. Song ..<\/span><\/a><\/p>\n","protected":false},"author":1,"featured_media":0,"comment_status":"open","ping_status":"closed","sticky":false,"template":"","format":"standard","meta":{"jetpack_post_was_ever_published":false,"_jetpack_newsletter_access":"","_jetpack_dont_email_post_to_subs":false,"_jetpack_newsletter_tier_id":0,"_jetpack_memberships_contains_paywalled_content":false,"_jetpack_memberships_contains_paid_content":false,"footnotes":"","jetpack_publicize_message":"","jetpack_publicize_feature_enabled":true,"jetpack_social_post_already_shared":false,"jetpack_social_options":{"image_generator_settings":{"template":"highway","default_image_id":0,"font":"","enabled":false},"version":2}},"categories":[13],"tags":[],"class_list":["post-107","post","type-post","status-publish","format-standard","hentry","category-words"],"jetpack_publicize_connections":[],"jetpack_featured_media_url":"","jetpack_sharing_enabled":true,"jetpack_shortlink":"https:\/\/wp.me\/s674Fw-song","jetpack_likes_enabled":true,"jetpack-related-posts":[{"id":49,"url":"https:\/\/develi.ch\/?p=49","url_meta":{"origin":107,"position":0},"title":"Heute vor einem Jahr&#8230;..","author":"ivi","date":"10. Juli 2009","format":false,"excerpt":"Ich kann mich erinnern, als w\u00e4re es gestern gewesen\u2026 Heute ist es auf das Datum genau ein Jahr her\u2026 Es war Donnerstag.. Am Morgen hatte ich irgendwann mal kurz den Messenger offen, war wohl gerade nicht so viel los im B\u00fcro. Da stand bei deinem Name: \"Desmoplastischer, kleinzelliger Weichteil Krebs\"\u2026","rel":"","context":"In &quot;Worte&quot;","block_context":{"text":"Worte","link":"https:\/\/develi.ch\/?cat=13"},"img":{"alt_text":"","src":"http:\/\/photos-h.ak.fbcdn.net\/hphotos-ak-snc1\/6374_1189590900779_1258547611_551246_1673946_a.jpg","width":350,"height":200},"classes":[]},{"id":6364,"url":"https:\/\/develi.ch\/?p=6364","url_meta":{"origin":107,"position":1},"title":"Das gr\u00fcne Einhorn","author":"ivi","date":"4. M\u00e4rz 2018","format":false,"excerpt":"\u201eNach allgemeinem Konsens sieht ein Einhorn ja relativ elegant aus, halt wie ein Pferd, meistens weiss, mit Horn. Da aber kein (n\u00fcchterner) Mensch in meinem Umfeld jemals ein Einhorn gesehen hat, frage ich mich warum unsere Vorstellung \u00fcber ein Fabelwesen dermassen gefestigt ist.\u201c \u2013 Ben Kirch, 2015 M\u00fchsam navigierte George\u2026","rel":"","context":"In &quot;Worte&quot;","block_context":{"text":"Worte","link":"https:\/\/develi.ch\/?cat=13"},"img":{"alt_text":"MagieSkala","src":"https:\/\/i2.wp.com\/develi.ch\/wp-content\/uploads\/2015\/08\/MagieSkala.jpg?resize=350%2C200","width":350,"height":200},"classes":[]},{"id":159,"url":"https:\/\/develi.ch\/?p=159","url_meta":{"origin":107,"position":2},"title":"Nur zu Besuch&#8230;","author":"ivi","date":"3. Februar 2010","format":false,"excerpt":"Lieber Chris, Gestern ists ein Jahr her gewesen, seit du von deinem Leiden erl\u00f6st wurdest. Ich wollte dich kurz besuchen, einfach um mal wider bei dir zu sein. Es war mein zweiter Anlauf, beim ersten Mal hab ich dein Grab nicht gefunden und bin verzweifelt \u00fcber den Friedhof gestolpert, entnervt,\u2026","rel":"","context":"In &quot;ivis world&quot;","block_context":{"text":"ivis world","link":"https:\/\/develi.ch\/?cat=1019"},"img":{"alt_text":"","src":"","width":0,"height":0},"classes":[]},{"id":6590,"url":"https:\/\/develi.ch\/?p=6590","url_meta":{"origin":107,"position":3},"title":"Book: Die Tintenwelt Reihe","author":"ivi","date":"26. September 2018","format":false,"excerpt":"Als 400. Beitrag hier auf dEvEli.ch m\u00f6chte ich euch von einer tollen W\u00f6rterwelt berichten: Als ich vor ein paar Monaten von jemandem die Tintenwelt Reihe geschenkt bekam, wusste ich noch nicht, das ich mit diesen B\u00fcchern in eine komplett neue Welt eintauchen w\u00fcrde. ich lese ja eigentlich gerne und viel,\u2026","rel":"","context":"In &quot;B\u00fccher_Filme_Spiele&quot;","block_context":{"text":"B\u00fccher_Filme_Spiele","link":"https:\/\/develi.ch\/?cat=1186"},"img":{"alt_text":"","src":"https:\/\/i0.wp.com\/develi.ch\/wp-content\/uploads\/2018\/09\/20180926_0943202252884573833889568-1024x578.jpg?resize=350%2C200&ssl=1","width":350,"height":200},"classes":[]},{"id":4303,"url":"https:\/\/develi.ch\/?p=4303","url_meta":{"origin":107,"position":4},"title":"Velo => Gr\u00fc\u00fc\u00fcn","author":"ivi","date":"15. Juli 2015","format":false,"excerpt":"Letzte Woche war ich mal wieder bei einem Velomechaniker, da mein geliebtes Fahrrad luftlos war. (Das liegt daran, wenn man S\u00e4ckeweise B\u00fccher mit dem Rad \u00fcber Stock und Stein mitschleppt) Und da mein Velo schon etwas \u00e4lter ist, hab ich auch gleich mal nach neuen Modellen geguckt. Bei meiner Frage,\u2026","rel":"","context":"In &quot;ivis world&quot;","block_context":{"text":"ivis world","link":"https:\/\/develi.ch\/?cat=1019"},"img":{"alt_text":"","src":"https:\/\/i0.wp.com\/develi.ch\/wp-content\/uploads\/2015\/07\/rad-150x150.jpg?resize=350%2C200&ssl=1","width":350,"height":200,"srcset":"https:\/\/i0.wp.com\/develi.ch\/wp-content\/uploads\/2015\/07\/rad-150x150.jpg?resize=350%2C200&ssl=1 1x, https:\/\/i0.wp.com\/develi.ch\/wp-content\/uploads\/2015\/07\/rad-150x150.jpg?resize=525%2C300&ssl=1 1.5x, https:\/\/i0.wp.com\/develi.ch\/wp-content\/uploads\/2015\/07\/rad-150x150.jpg?resize=700%2C400&ssl=1 2x"},"classes":[]},{"id":6216,"url":"https:\/\/develi.ch\/?p=6216","url_meta":{"origin":107,"position":5},"title":"Als sich die Welt komplett ver\u00e4ndert hat","author":"ivi","date":"14. Januar 2018","format":false,"excerpt":"Es ist Januar. Ein sehr kalter Januar. Quasi po-kalt. Mein Bauch ist rund. Nicht zu rund, ich kann problemlos noch meine Schuhe binden, aber schon so rund, dass er auff\u00e4llt. Zum Beispiel dem Busfahrer, der extra f\u00fcr mich wartet, als ich angerannt komme. Sein Kommentar zum Bauch: \u00abAhh, siebter Monat?\u00bb\u2026","rel":"","context":"In &quot;ivis world&quot;","block_context":{"text":"ivis world","link":"https:\/\/develi.ch\/?cat=1019"},"img":{"alt_text":"","src":"https:\/\/i0.wp.com\/develi.ch\/wp-content\/uploads\/2018\/01\/DSC_3146.jpg?resize=350%2C200&ssl=1","width":350,"height":200,"srcset":"https:\/\/i0.wp.com\/develi.ch\/wp-content\/uploads\/2018\/01\/DSC_3146.jpg?resize=350%2C200&ssl=1 1x, https:\/\/i0.wp.com\/develi.ch\/wp-content\/uploads\/2018\/01\/DSC_3146.jpg?resize=525%2C300&ssl=1 1.5x, https:\/\/i0.wp.com\/develi.ch\/wp-content\/uploads\/2018\/01\/DSC_3146.jpg?resize=700%2C400&ssl=1 2x"},"classes":[]}],"_links":{"self":[{"href":"https:\/\/develi.ch\/index.php?rest_route=\/wp\/v2\/posts\/107","targetHints":{"allow":["GET"]}}],"collection":[{"href":"https:\/\/develi.ch\/index.php?rest_route=\/wp\/v2\/posts"}],"about":[{"href":"https:\/\/develi.ch\/index.php?rest_route=\/wp\/v2\/types\/post"}],"author":[{"embeddable":true,"href":"https:\/\/develi.ch\/index.php?rest_route=\/wp\/v2\/users\/1"}],"replies":[{"embeddable":true,"href":"https:\/\/develi.ch\/index.php?rest_route=%2Fwp%2Fv2%2Fcomments&post=107"}],"version-history":[{"count":0,"href":"https:\/\/develi.ch\/index.php?rest_route=\/wp\/v2\/posts\/107\/revisions"}],"wp:attachment":[{"href":"https:\/\/develi.ch\/index.php?rest_route=%2Fwp%2Fv2%2Fmedia&parent=107"}],"wp:term":[{"taxonomy":"category","embeddable":true,"href":"https:\/\/develi.ch\/index.php?rest_route=%2Fwp%2Fv2%2Fcategories&post=107"},{"taxonomy":"post_tag","embeddable":true,"href":"https:\/\/develi.ch\/index.php?rest_route=%2Fwp%2Fv2%2Ftags&post=107"}],"curies":[{"name":"wp","href":"https:\/\/api.w.org\/{rel}","templated":true}]}}